{"id":949,"date":"2018-07-25T13:20:05","date_gmt":"2018-07-25T11:20:05","guid":{"rendered":"http:\/\/czasnasport.net\/?p=949"},"modified":"2018-07-25T13:20:05","modified_gmt":"2018-07-25T11:20:05","slug":"maksymilian-motel-zawodnikiem-legii-warszawa","status":"publish","type":"post","link":"http:\/\/czasnasport.net\/?p=949","title":{"rendered":"Maksymilian Motel zawodnikiem Legii Warszawa"},"content":{"rendered":"<p><strong>17-letni Maksymilian Motel, wyst\u0119puj\u0105cy na pozycji rozgrywaj\u0105cego, podpisa\u0142 z Akademi\u0105 Koszyk\u00f3wki Legii Warszawa roczny kontrakt z opcj\u0105 przed\u0142u\u017cenia o kolejnych dwana\u015bcie miesi\u0119cy.<\/strong><\/p>\n<p>M\u0142ody zawodnik swoj\u0105 przygod\u0119 z koszyk\u00f3wk\u0105 rozpoczyna\u0142 w Jagiellonce Warszawa, pod okiem obecnego koordynatora sportowego Akademii, Tomasza Wakulskiego. Motel by\u0142 wyr\u00f3\u017cniaj\u0105cym si\u0119 zawodnikiem sto\u0142ecznego zespo\u0142u. W Mistrzostwach Polski do lat 16 notowa\u0142 \u015brednio 15 punkt\u00f3w, pi\u0119\u0107 asyst oraz cztery zbi\u00f3rki na mecz. Wyra\u017anie przyczyni\u0142 si\u0119 do sukcesu, jakim by\u0142o czwarte miejsce w Polsce w tej kategorii wiekowej. W 2016 roku zawodnik zadebiutowa\u0142 w rozgrywkach I ligi w barwach Astorii Bydgoszcz. Rok p\u00f3\u017aniej przeni\u00f3s\u0142 si\u0119 do Biofarmu Basket Junior Pozna\u0144, gdzie poza solidnymi wyst\u0119pami w zespole m\u0142odzie\u017cowym (8,4 pkt i 2,6 as. na mecz), zagra\u0142 w sze\u015bciu spotkaniach I ligi. Warto r\u00f3wnie\u017c doda\u0107, \u017ce nowy zawodnik naszej Akademii jest reprezentantem Polski 3&#215;3 w kategorii U-18, a w 2012 zosta\u0142 MVP Marcin Gortat Camp i otrzyma\u0142 zaproszenie na mecz Phoenix Suns, \u00f3wczesnej dru\u017cyny polskiego \u015brodkowego.<\/p>\n<p>&#8211; Maks b\u0119dzie ogromnym wzmocnieniem naszych dru\u017cyn m\u0142odzie\u017cowych. Mimo m\u0142odego wieku ma ju\u017c sporo do\u015bwiadczenia i my\u015bl\u0119, \u017ce b\u0119dzie wyr\u00f3\u017cniaj\u0105cym si\u0119 zawodnikiem Akademii. Bardzo si\u0119 ciesz\u0119, \u017ce do nas do\u0142\u0105cza i gwarantuj\u0119, \u017ce pomo\u017cemy mu w dalszym rozwoju jego kariery &#8211; powiedzia\u0142 Micha\u0142 Przybylski, dyrektor Akademii Koszyk\u00f3wki Legii Warszawa.<\/p>\n<p>&#8211; Maks, mimo swojego wieku, b\u0119dzie zdecydowanie najbardziej do\u015bwiadczonym zawodnikiem w Akademii. Ma ju\u017c za sob\u0105 trzy sezony w seniorskiej koszyk\u00f3wce, sw\u00f3j pierwszy mecz w 2. lidze zagra\u0142 w prowadzonych przeze mnie Shmoolkach, maj\u0105c niespe\u0142na 15 lat. W rozgrywkach U-16 w Jagiellonce zaj\u0119li\u015bmy 4. miejsce w Polsce. My\u015bl\u0119, \u017ce Maks b\u0119dzie liderem naszej drugoligowej dru\u017cyny i mam nadziej\u0119, \u017ce trener Spasev zwr\u00f3ci na niego uwag\u0119 &#8211; powiedzia\u0142 Tomasz Wakulski, koordynator sportowy Akademii Koszyk\u00f3wki Legii Warszawa.<\/p>\n","protected":false},"excerpt":{"rendered":"<p>17-letni Maksymilian Motel, wyst\u0119puj\u0105cy na pozycji rozgrywaj\u0105cego, podpisa\u0142 z Akademi\u0105 Koszyk\u00f3wki Legii Warszawa roczny kontrakt z opcj\u0105 przed\u0142u\u017cenia o kolejnych<\/p>\n","protected":false},"author":1,"featured_media":950,"comment_status":"open","ping_status":"open","sticky":false,"template":"","format":"standard","meta":{"_exactmetrics_skip_tracking":false,"_exactmetrics_sitenote_active":false,"_exactmetrics_sitenote_note":"","_exactmetrics_sitenote_category":0,"footnotes":""},"categories":[33,32],"tags":[],"class_list":["post-949","post","type-post","status-publish","format-standard","has-post-thumbnail","hentry","category-inne-dyscypliny","category-newsy"],"_links":{"self":[{"href":"http:\/\/czasnasport.net\/index.php?rest_route=\/wp\/v2\/posts\/949","targetHints":{"allow":["GET"]}}],"collection":[{"href":"http:\/\/czasnasport.net\/index.php?rest_route=\/wp\/v2\/posts"}],"about":[{"href":"http:\/\/czasnasport.net\/index.php?rest_route=\/wp\/v2\/types\/post"}],"author":[{"embeddable":true,"href":"http:\/\/czasnasport.net\/index.php?rest_route=\/wp\/v2\/users\/1"}],"replies":[{"embeddable":true,"href":"http:\/\/czasnasport.net\/index.php?rest_route=%2Fwp%2Fv2%2Fcomments&post=949"}],"version-history":[{"count":1,"href":"http:\/\/czasnasport.net\/index.php?rest_route=\/wp\/v2\/posts\/949\/revisions"}],"predecessor-version":[{"id":951,"href":"http:\/\/czasnasport.net\/index.php?rest_route=\/wp\/v2\/posts\/949\/revisions\/951"}],"wp:featuredmedia":[{"embeddable":true,"href":"http:\/\/czasnasport.net\/index.php?rest_route=\/wp\/v2\/media\/950"}],"wp:attachment":[{"href":"http:\/\/czasnasport.net\/index.php?rest_route=%2Fwp%2Fv2%2Fmedia&parent=949"}],"wp:term":[{"taxonomy":"category","embeddable":true,"href":"http:\/\/czasnasport.net\/index.php?rest_route=%2Fwp%2Fv2%2Fcategories&post=949"},{"taxonomy":"post_tag","embeddable":true,"href":"http:\/\/czasnasport.net\/index.php?rest_route=%2Fwp%2Fv2%2Ftags&post=949"}],"curies":[{"name":"wp","href":"https:\/\/api.w.org\/{rel}","templated":true}]}}