{"id":941,"date":"2018-07-23T21:53:10","date_gmt":"2018-07-23T19:53:10","guid":{"rendered":"http:\/\/czasnasport.net\/?p=941"},"modified":"2018-07-23T21:53:10","modified_gmt":"2018-07-23T19:53:10","slug":"mlody-polak-poleci-na-oboz-z-bayernem-monachium","status":"publish","type":"post","link":"http:\/\/czasnasport.net\/?p=941","title":{"rendered":"M\u0142ody Polak poleci na ob\u00f3z z Bayernem Monachium!"},"content":{"rendered":"<p><strong>Marcel Zylla, reprezentant Polski do lat 19, znalaz\u0142 si\u0119 w kadrze Bayernu Monachium na tournee do USA. W zestawieniu zabrak\u0142o z kolei pi\u0142karzy, kt\u00f3rzy wyst\u0119powali na mundialu w Rosji. Mowa mi\u0119dzy innymi o Robercie Lewandowskim.<\/strong><\/p>\n<p>Do Stan\u00f3w Zjednoczonych nie polecia\u0142 te\u017c Arturo Vidal, kt\u00f3ry zmaga si\u0119 z urazem. Bawarczycy polecieli do USA w poniedzia\u0142kowy poranek. W \u015brod\u0119 w Filadelfii Bayern zagra z Juventusem. Kolejny mecz Niemc\u00f3w odb\u0119dzie si\u0119 28 lipca w Miami, gdzie przeciwnikiem b\u0119dzie Manchester City.<\/p>\n<p>Marcel Zylla urodzi\u0142 si\u0119 w Monachium i zadebiutowa\u0142 nawet w kadrze Niemiec do lat 17. W sierpniu poprzedniego roku pi\u0142karz zosta\u0142 powo\u0142any przez Dariusza D\u017awiga\u0142\u0119 do kadry U-19 na mecze z Angli\u0105 (1:7) i Kazachstanem (1:0). Kilka dni temu Polak zagra\u0142 w wygranym 3:1 sparingu Bayernu z PSG.<\/p>\n<p>\u0179r\u00f3d\u0142o: Przegl\u0105d Sportowy<\/p>\n","protected":false},"excerpt":{"rendered":"<p>Marcel Zylla, reprezentant Polski do lat 19, znalaz\u0142 si\u0119 w kadrze Bayernu Monachium na tournee do USA. W zestawieniu zabrak\u0142o<\/p>\n","protected":false},"author":4,"featured_media":618,"comment_status":"open","ping_status":"open","sticky":false,"template":"","format":"standard","meta":{"_exactmetrics_skip_tracking":false,"_exactmetrics_sitenote_active":false,"_exactmetrics_sitenote_note":"","_exactmetrics_sitenote_category":0,"footnotes":""},"categories":[32,27,25],"tags":[],"class_list":["post-941","post","type-post","status-publish","format-standard","has-post-thumbnail","hentry","category-newsy","category-pilka-nozna","category-polecane"],"_links":{"self":[{"href":"http:\/\/czasnasport.net\/index.php?rest_route=\/wp\/v2\/posts\/941","targetHints":{"allow":["GET"]}}],"collection":[{"href":"http:\/\/czasnasport.net\/index.php?rest_route=\/wp\/v2\/posts"}],"about":[{"href":"http:\/\/czasnasport.net\/index.php?rest_route=\/wp\/v2\/types\/post"}],"author":[{"embeddable":true,"href":"http:\/\/czasnasport.net\/index.php?rest_route=\/wp\/v2\/users\/4"}],"replies":[{"embeddable":true,"href":"http:\/\/czasnasport.net\/index.php?rest_route=%2Fwp%2Fv2%2Fcomments&post=941"}],"version-history":[{"count":1,"href":"http:\/\/czasnasport.net\/index.php?rest_route=\/wp\/v2\/posts\/941\/revisions"}],"predecessor-version":[{"id":942,"href":"http:\/\/czasnasport.net\/index.php?rest_route=\/wp\/v2\/posts\/941\/revisions\/942"}],"wp:featuredmedia":[{"embeddable":true,"href":"http:\/\/czasnasport.net\/index.php?rest_route=\/wp\/v2\/media\/618"}],"wp:attachment":[{"href":"http:\/\/czasnasport.net\/index.php?rest_route=%2Fwp%2Fv2%2Fmedia&parent=941"}],"wp:term":[{"taxonomy":"category","embeddable":true,"href":"http:\/\/czasnasport.net\/index.php?rest_route=%2Fwp%2Fv2%2Fcategories&post=941"},{"taxonomy":"post_tag","embeddable":true,"href":"http:\/\/czasnasport.net\/index.php?rest_route=%2Fwp%2Fv2%2Ftags&post=941"}],"curies":[{"name":"wp","href":"https:\/\/api.w.org\/{rel}","templated":true}]}}