{"id":925,"date":"2018-07-17T21:03:22","date_gmt":"2018-07-17T19:03:22","guid":{"rendered":"http:\/\/czasnasport.net\/?p=925"},"modified":"2018-07-17T21:04:16","modified_gmt":"2018-07-17T19:04:16","slug":"trener-polakow-ujawnil-kadre-na-zawody-lgp","status":"publish","type":"post","link":"http:\/\/czasnasport.net\/?p=925","title":{"rendered":"Trener Polak\u00f3w ujawni\u0142 kadr\u0119 na zawody LGP!"},"content":{"rendered":"<p><strong>Trener kadry polskich skoczk\u00f3w narciarskich, Stefan Horngacher ujawni\u0142 nazwiska jedenastku zawodnik\u00f3w, kt\u00f3rzy b\u0119d\u0105 reprezentowa\u0107 nasz kraj podczas konkurs\u00f3w Letniej Grand Prix w Wi\u015ble. W gronie powo\u0142anych znale\u017ali si\u0119 zgodnie z przewidywaniami Kamil Stoch, Piotr \u017by\u0142a, Maciej Kot oraz Dawid Kubacki, jednak nie zabrak\u0142o tak\u017ce kilku m\u0142odszych skoczk\u00f3w.<\/strong><\/p>\n<p><strong>Kadra Polski na konkursy LGP w Wi\u015ble:<\/strong><br \/>\nKamil Stoch<br \/>\nPiotr \u017by\u0142a<br \/>\nMaciej Kot<br \/>\nDawid Kubacki<br \/>\nStefan Hula<br \/>\nJakub Wolny<br \/>\nTomasz Pilch<br \/>\nPawe\u0142 W\u0105sek<br \/>\nAleksander Zniszczo\u0142<br \/>\nPrzemys\u0142aw Kantyka<br \/>\nAndrzej St\u0119ka\u0142a<\/p>\n","protected":false},"excerpt":{"rendered":"<p>Trener kadry polskich skoczk\u00f3w narciarskich, Stefan Horngacher ujawni\u0142 nazwiska jedenastku zawodnik\u00f3w, kt\u00f3rzy b\u0119d\u0105 reprezentowa\u0107 nasz kraj podczas konkurs\u00f3w Letniej Grand<\/p>\n","protected":false},"author":1,"featured_media":445,"comment_status":"open","ping_status":"open","sticky":false,"template":"","format":"standard","meta":{"_exactmetrics_skip_tracking":false,"_exactmetrics_sitenote_active":false,"_exactmetrics_sitenote_note":"","_exactmetrics_sitenote_category":0,"footnotes":""},"categories":[32,29],"tags":[],"class_list":["post-925","post","type-post","status-publish","format-standard","has-post-thumbnail","hentry","category-newsy","category-sporty-zimowe"],"_links":{"self":[{"href":"http:\/\/czasnasport.net\/index.php?rest_route=\/wp\/v2\/posts\/925","targetHints":{"allow":["GET"]}}],"collection":[{"href":"http:\/\/czasnasport.net\/index.php?rest_route=\/wp\/v2\/posts"}],"about":[{"href":"http:\/\/czasnasport.net\/index.php?rest_route=\/wp\/v2\/types\/post"}],"author":[{"embeddable":true,"href":"http:\/\/czasnasport.net\/index.php?rest_route=\/wp\/v2\/users\/1"}],"replies":[{"embeddable":true,"href":"http:\/\/czasnasport.net\/index.php?rest_route=%2Fwp%2Fv2%2Fcomments&post=925"}],"version-history":[{"count":1,"href":"http:\/\/czasnasport.net\/index.php?rest_route=\/wp\/v2\/posts\/925\/revisions"}],"predecessor-version":[{"id":926,"href":"http:\/\/czasnasport.net\/index.php?rest_route=\/wp\/v2\/posts\/925\/revisions\/926"}],"wp:featuredmedia":[{"embeddable":true,"href":"http:\/\/czasnasport.net\/index.php?rest_route=\/wp\/v2\/media\/445"}],"wp:attachment":[{"href":"http:\/\/czasnasport.net\/index.php?rest_route=%2Fwp%2Fv2%2Fmedia&parent=925"}],"wp:term":[{"taxonomy":"category","embeddable":true,"href":"http:\/\/czasnasport.net\/index.php?rest_route=%2Fwp%2Fv2%2Fcategories&post=925"},{"taxonomy":"post_tag","embeddable":true,"href":"http:\/\/czasnasport.net\/index.php?rest_route=%2Fwp%2Fv2%2Ftags&post=925"}],"curies":[{"name":"wp","href":"https:\/\/api.w.org\/{rel}","templated":true}]}}