{"id":915,"date":"2018-07-05T23:35:18","date_gmt":"2018-07-05T21:35:18","guid":{"rendered":"http:\/\/czasnasport.net\/?p=915"},"modified":"2018-07-05T23:37:46","modified_gmt":"2018-07-05T21:37:46","slug":"carlitos-pilkarzem-legii","status":"publish","type":"post","link":"http:\/\/czasnasport.net\/?p=915","title":{"rendered":"Carlitos pi\u0142karzem Legii!"},"content":{"rendered":"<div class=\"zajawka\"><strong>Carlitos podpisa\u0142 trzyletni kontrakt z Legi\u0105 Warszawa. Kr\u00f3l strzelc\u00f3w ubieg\u0142ego sezonu Ekstraklasy b\u0119dzie wyst\u0119powa\u0142 z nr 27.\u00a0 Hiszpa\u0144ski zawodnik zosta\u0142 zg\u0142oszony do kadry zespo\u0142u na mecze pierwszej rundy eliminacji Ligi Mistrz\u00f3w oraz do rozgrywek Ekstraklasy.<\/strong><\/div>\n<div><\/div>\n<div><\/div>\n<div><\/div>\n<div class=\"zajawka\">&#8211; Jeste\u015bmy podekscytowani faktem, \u017ce do\u0142\u0105cza do nas\u00a0zawodnik\u00a0tej klasy. Wybra\u0142 nasz klub, mimo \u017ce mia\u0142 wiele innych propozycji. Ma za sob\u0105 \u015bwietny sezon, w kt\u00f3rym zdoby\u0142 24 bramki, w dodatku by\u0142 prawdziwym liderem swojej dru\u017cyny. Mamy przekonanie, \u017ce b\u0119dzie du\u017cym wzmocnieniem na boisku i w szatni &#8211; m\u00f3wi\u00a0Ivan Kepcija, dyrektor techniczny klubu.<\/div>\n<div><\/div>\n<div><\/div>\n<p>\u0179r\u00f3d\u0142o: legia.com<\/p>\n<p>fot. Marcin Szymczyk\/Legia.Net<\/p>\n","protected":false},"excerpt":{"rendered":"<p>Carlitos podpisa\u0142 trzyletni kontrakt z Legi\u0105 Warszawa. Kr\u00f3l strzelc\u00f3w ubieg\u0142ego sezonu Ekstraklasy b\u0119dzie wyst\u0119powa\u0142 z nr 27.\u00a0 Hiszpa\u0144ski zawodnik zosta\u0142<\/p>\n","protected":false},"author":4,"featured_media":916,"comment_status":"open","ping_status":"open","sticky":false,"template":"","format":"standard","meta":{"_exactmetrics_skip_tracking":false,"_exactmetrics_sitenote_active":false,"_exactmetrics_sitenote_note":"","_exactmetrics_sitenote_category":0,"footnotes":""},"categories":[32,27,25],"tags":[122],"class_list":["post-915","post","type-post","status-publish","format-standard","has-post-thumbnail","hentry","category-newsy","category-pilka-nozna","category-polecane","tag-carlitos"],"_links":{"self":[{"href":"http:\/\/czasnasport.net\/index.php?rest_route=\/wp\/v2\/posts\/915","targetHints":{"allow":["GET"]}}],"collection":[{"href":"http:\/\/czasnasport.net\/index.php?rest_route=\/wp\/v2\/posts"}],"about":[{"href":"http:\/\/czasnasport.net\/index.php?rest_route=\/wp\/v2\/types\/post"}],"author":[{"embeddable":true,"href":"http:\/\/czasnasport.net\/index.php?rest_route=\/wp\/v2\/users\/4"}],"replies":[{"embeddable":true,"href":"http:\/\/czasnasport.net\/index.php?rest_route=%2Fwp%2Fv2%2Fcomments&post=915"}],"version-history":[{"count":7,"href":"http:\/\/czasnasport.net\/index.php?rest_route=\/wp\/v2\/posts\/915\/revisions"}],"predecessor-version":[{"id":923,"href":"http:\/\/czasnasport.net\/index.php?rest_route=\/wp\/v2\/posts\/915\/revisions\/923"}],"wp:featuredmedia":[{"embeddable":true,"href":"http:\/\/czasnasport.net\/index.php?rest_route=\/wp\/v2\/media\/916"}],"wp:attachment":[{"href":"http:\/\/czasnasport.net\/index.php?rest_route=%2Fwp%2Fv2%2Fmedia&parent=915"}],"wp:term":[{"taxonomy":"category","embeddable":true,"href":"http:\/\/czasnasport.net\/index.php?rest_route=%2Fwp%2Fv2%2Fcategories&post=915"},{"taxonomy":"post_tag","embeddable":true,"href":"http:\/\/czasnasport.net\/index.php?rest_route=%2Fwp%2Fv2%2Ftags&post=915"}],"curies":[{"name":"wp","href":"https:\/\/api.w.org\/{rel}","templated":true}]}}