{"id":870,"date":"2018-06-25T18:40:52","date_gmt":"2018-06-25T16:40:52","guid":{"rendered":"http:\/\/czasnasport.net\/?p=870"},"modified":"2018-06-25T18:40:52","modified_gmt":"2018-06-25T16:40:52","slug":"robert-lewandowski-nie-mam-zamiaru-nikogo-atakowac","status":"publish","type":"post","link":"http:\/\/czasnasport.net\/?p=870","title":{"rendered":"Robert Lewandowski: Nie mam zamiaru nikogo atakowa\u0107"},"content":{"rendered":"<p><strong>\u2013 W tym momencie, niezale\u017cnie od tego, co powiem, i tak ka\u017cdy zinterpretuje to po swojemu. Tym bardziej, \u017ce ca\u0142y czas towarzysz\u0105 nam wielkie emocje. Niestety, praktycznie same negatywne. Nie by\u0142o \u0142atwo tu dzisiaj przyj\u015b\u0107 i rozmawia\u0107 o przyczynach pora\u017cki. Najpro\u015bciej by\u0142oby schowa\u0107 g\u0142ow\u0119 w piasek i wyj\u015b\u0107, kiedy to wszystko minie. Mo\u017cemy mie\u0107 do siebie pretensje, je\u017celi chodzi o mecz z Senegalem, w kt\u00f3rym rozczarowali\u015bmy i bierzemy to na klat\u0119. Z Kolumbi\u0105 nie mieli\u015bmy jednak szans, by\u0142o wida\u0107 r\u00f3\u017cnic\u0119 klas &#8211; powiedzia\u0142 na poniedzia\u0142kowej konferencji prasowej w Soczi kapitan reprezentacji Polski, Robert Lewandowski.<\/strong><\/p>\n<p>\u2013 Moim zdaniem mieli\u015bmy najtrudniejsz\u0105 grup\u0119 na ca\u0142ym mundialu. M\u00f3wi\u0142em to ju\u017c wcze\u015bniej, ale nie chcieli\u015bcie tego s\u0142ucha\u0107. Ciesz\u0119 si\u0119, \u017ce wszyscy wierz\u0105 w nasz\u0105 reprezentacj\u0119, ale nie przeskoczymy pewnego poziomu, bo jeste\u015bmy tu, gdzie jeste\u015bmy. Kiedy przegrywasz, to zastanawiasz si\u0119, co mo\u017cna by\u0142o zrobi\u0107 inaczej. Gdybanie nie ma jednak \u017cadnego sensu. Boli nas ta pora\u017cka, nie b\u0119d\u0119 tego ukrywa\u0142. Nie mam zamiaru nikogo atakowa\u0107. Jak jest dobrze, co by\u015bmy nie zrobili, to b\u0119dzie dobrze. Ale je\u015bli nie idzie, to nawet je\u015bli si\u0119 krzywo stanie, to ju\u017c s\u0105 pretensje. Media donosi\u0142y o wielu sprawach, jakoby by\u0142 podzia\u0142 w dru\u017cynie, \u017ce niby ja separowa\u0142em si\u0119 od zespo\u0142u. Papier wszystko przyjmie, ale to nie ma nic wsp\u00f3lnego z prawd\u0105, nie wiem sk\u0105d to zosta\u0142o wymy\u015blone.<\/p>\n<p>\u2013 Ka\u017cdy wierzy\u0142 w reprezentacj\u0119, ka\u017cdy chcia\u0142, aby odnios\u0142a sukces na mundialu. Starali\u015bmy si\u0119 jak najlepiej przygotowa\u0107, ale turniej nam nie wyszed\u0142. Nie weszli\u015bmy dobrze w te mistrzostwa, pope\u0142nili\u015bmy za du\u017co b\u0142\u0119d\u00f3w, nie poczuli\u015bmy pewno\u015bci siebie, szcz\u0119\u015bcie r\u00f3wnie\u017c nie dopisa\u0142o. Czasami ta wiara w umiej\u0119tno\u015bci jest du\u017co wi\u0119ksza, ni\u017c same umiej\u0119tno\u015bci. Po prostu na tyle nas by\u0142o dzisiaj sta\u0107. Musimy pogodzi\u0107 si\u0119 z pora\u017ck\u0105, ale patrze\u0107 ju\u017c w przysz\u0142o\u015b\u0107. Ja, jako kapitan, nie poddam si\u0119 i reprezentacja Polski r\u00f3wnie\u017c si\u0119 nie podda. Wierz\u0119 w nasz\u0105 dru\u017cyn\u0119. Przed nami jeszcze jedno spotkanie turnieju. Nie mamy si\u0119 czego ba\u0107, z Japoni\u0105 zagramy o honor. Chcemy wygra\u0107 dla kibic\u00f3w, kt\u00f3rzy nas wpierali i udowodni\u0107, \u017ce nieprzypadkowo znale\u017ali\u015bmy si\u0119 na mistrzostwach \u015bwiata. Je\u015bli w ostatni mecz w\u0142o\u017cymy tyle zaanga\u017cowania i serca, co w spotkanie z Kolumbi\u0105, to powinno by\u0107 dobrze.<\/p>\n","protected":false},"excerpt":{"rendered":"<p>\u2013 W tym momencie, niezale\u017cnie od tego, co powiem, i tak ka\u017cdy zinterpretuje to po swojemu. Tym bardziej, \u017ce ca\u0142y<\/p>\n","protected":false},"author":4,"featured_media":772,"comment_status":"open","ping_status":"open","sticky":false,"template":"","format":"standard","meta":{"_exactmetrics_skip_tracking":false,"_exactmetrics_sitenote_active":false,"_exactmetrics_sitenote_note":"","_exactmetrics_sitenote_category":0,"footnotes":""},"categories":[32,27,25],"tags":[68],"class_list":["post-870","post","type-post","status-publish","format-standard","has-post-thumbnail","hentry","category-newsy","category-pilka-nozna","category-polecane","tag-lewandowski"],"_links":{"self":[{"href":"http:\/\/czasnasport.net\/index.php?rest_route=\/wp\/v2\/posts\/870","targetHints":{"allow":["GET"]}}],"collection":[{"href":"http:\/\/czasnasport.net\/index.php?rest_route=\/wp\/v2\/posts"}],"about":[{"href":"http:\/\/czasnasport.net\/index.php?rest_route=\/wp\/v2\/types\/post"}],"author":[{"embeddable":true,"href":"http:\/\/czasnasport.net\/index.php?rest_route=\/wp\/v2\/users\/4"}],"replies":[{"embeddable":true,"href":"http:\/\/czasnasport.net\/index.php?rest_route=%2Fwp%2Fv2%2Fcomments&post=870"}],"version-history":[{"count":1,"href":"http:\/\/czasnasport.net\/index.php?rest_route=\/wp\/v2\/posts\/870\/revisions"}],"predecessor-version":[{"id":871,"href":"http:\/\/czasnasport.net\/index.php?rest_route=\/wp\/v2\/posts\/870\/revisions\/871"}],"wp:featuredmedia":[{"embeddable":true,"href":"http:\/\/czasnasport.net\/index.php?rest_route=\/wp\/v2\/media\/772"}],"wp:attachment":[{"href":"http:\/\/czasnasport.net\/index.php?rest_route=%2Fwp%2Fv2%2Fmedia&parent=870"}],"wp:term":[{"taxonomy":"category","embeddable":true,"href":"http:\/\/czasnasport.net\/index.php?rest_route=%2Fwp%2Fv2%2Fcategories&post=870"},{"taxonomy":"post_tag","embeddable":true,"href":"http:\/\/czasnasport.net\/index.php?rest_route=%2Fwp%2Fv2%2Ftags&post=870"}],"curies":[{"name":"wp","href":"https:\/\/api.w.org\/{rel}","templated":true}]}}