{"id":820,"date":"2018-06-13T18:57:54","date_gmt":"2018-06-13T16:57:54","guid":{"rendered":"http:\/\/czasnasport.net\/?p=820"},"modified":"2018-06-13T18:57:54","modified_gmt":"2018-06-13T16:57:54","slug":"robert-lewandowski-doskonale-znam-przypadek-glika","status":"publish","type":"post","link":"http:\/\/czasnasport.net\/?p=820","title":{"rendered":"Robert Lewandowski: Doskonale znam przypadek Glika"},"content":{"rendered":"<p><strong>&#8211; Przygotowania przed Euro a mundialem to zupe\u0142nie inna p\u00f3\u0142ka. Sam jestem po innym sezonie ni\u017c przed mistrzostwami we Francji. Teraz rozegra\u0142em nieco mniej minut. Mam nadziej\u0119, \u017ce \u015bwie\u017co\u015b\u0107 b\u0119dzie widoczna w Rosji w pierwszych meczach \u2013 powiedzia\u0142 Robert Lewandowski na pierwszej konferencji prasowej w Soczi. <\/strong><\/p>\n<p>&#8211; Przygotowania przed Euro a mundialem to zupe\u0142nie inna p\u00f3\u0142ka. Sam jestem po innym sezonie ni\u017c przed mistrzostwami we Francji. Teraz rozegra\u0142em nieco mniej minut. Mam nadziej\u0119, \u017ce \u015bwie\u017co\u015b\u0107 b\u0119dzie widoczna w Rosji w pierwszych meczach. Wierz\u0119, \u017ce moja forma i naszej reprezentacji b\u0119dzie zwy\u017ckowa\u0142a od pierwszego gwizdka s\u0119dziego na turnieju. Po przyje\u017adzie na miejsce wszystko posz\u0142o sprawnie. Na trening nie jest daleko, warunki zar\u00f3wno do zaj\u0119\u0107 jak i mieszkania s\u0105 naprawd\u0119 \u015bwietne. Nie mo\u017cna narzeka\u0107.<\/p>\n<p>Uraz Glika? Doskonale znam jego przypadek, bo mia\u0142em kontuzj\u0119 praktycznie identyczn\u0105 jak on, w trudnym momencie, bo przed \u0107wier\u0107fina\u0142em Ligi Mistrz\u00f3w. Kamil ma jeszcze troszk\u0119 gorzej ni\u017c ja. Wiadomo\u015b\u0107, \u017ce do nas wraca, ka\u017cdego z nas ucieszy\u0142a. Glik mo\u017ce pom\u00f3c tej reprezentacji. Wiemy, \u017ce jego rehabilitacja i trening spowoduje, \u017ce szybko wr\u00f3ci do nas. Jak powie, \u017ce jest gotowy, to b\u0119dzie gotowy w stu procentach, b\u0119dzie walczy\u0142 bark w bark, bez \u017cadnego strachu.<\/p>\n<p>fot. Marcin S\u0142oka<\/p>\n","protected":false},"excerpt":{"rendered":"<p>&#8211; Przygotowania przed Euro a mundialem to zupe\u0142nie inna p\u00f3\u0142ka. Sam jestem po innym sezonie ni\u017c przed mistrzostwami we Francji.<\/p>\n","protected":false},"author":4,"featured_media":775,"comment_status":"open","ping_status":"open","sticky":false,"template":"","format":"standard","meta":{"_exactmetrics_skip_tracking":false,"_exactmetrics_sitenote_active":false,"_exactmetrics_sitenote_note":"","_exactmetrics_sitenote_category":0,"footnotes":""},"categories":[32,27,25],"tags":[116,68,51],"class_list":["post-820","post","type-post","status-publish","format-standard","has-post-thumbnail","hentry","category-newsy","category-pilka-nozna","category-polecane","tag-glik","tag-lewandowski","tag-mundial"],"_links":{"self":[{"href":"http:\/\/czasnasport.net\/index.php?rest_route=\/wp\/v2\/posts\/820","targetHints":{"allow":["GET"]}}],"collection":[{"href":"http:\/\/czasnasport.net\/index.php?rest_route=\/wp\/v2\/posts"}],"about":[{"href":"http:\/\/czasnasport.net\/index.php?rest_route=\/wp\/v2\/types\/post"}],"author":[{"embeddable":true,"href":"http:\/\/czasnasport.net\/index.php?rest_route=\/wp\/v2\/users\/4"}],"replies":[{"embeddable":true,"href":"http:\/\/czasnasport.net\/index.php?rest_route=%2Fwp%2Fv2%2Fcomments&post=820"}],"version-history":[{"count":1,"href":"http:\/\/czasnasport.net\/index.php?rest_route=\/wp\/v2\/posts\/820\/revisions"}],"predecessor-version":[{"id":821,"href":"http:\/\/czasnasport.net\/index.php?rest_route=\/wp\/v2\/posts\/820\/revisions\/821"}],"wp:featuredmedia":[{"embeddable":true,"href":"http:\/\/czasnasport.net\/index.php?rest_route=\/wp\/v2\/media\/775"}],"wp:attachment":[{"href":"http:\/\/czasnasport.net\/index.php?rest_route=%2Fwp%2Fv2%2Fmedia&parent=820"}],"wp:term":[{"taxonomy":"category","embeddable":true,"href":"http:\/\/czasnasport.net\/index.php?rest_route=%2Fwp%2Fv2%2Fcategories&post=820"},{"taxonomy":"post_tag","embeddable":true,"href":"http:\/\/czasnasport.net\/index.php?rest_route=%2Fwp%2Fv2%2Ftags&post=820"}],"curies":[{"name":"wp","href":"https:\/\/api.w.org\/{rel}","templated":true}]}}