{"id":752,"date":"2018-06-11T22:28:39","date_gmt":"2018-06-11T20:28:39","guid":{"rendered":"http:\/\/czasnasport.net\/?p=752"},"modified":"2018-06-11T22:32:09","modified_gmt":"2018-06-11T20:32:09","slug":"smuda-zwolniony-z-widzewa","status":"publish","type":"post","link":"http:\/\/czasnasport.net\/?p=752","title":{"rendered":"Smuda zwolniony z Widzewa!"},"content":{"rendered":"<p><strong>Franciszek Smuda oficjalnie \u017cegna si\u0119 z Widzewem \u0141\u00f3d\u017a &#8211; poinformowa\u0142a &#8222;Gazeta Wyborcza&#8221;. 69-letni szkoleniowiec opuszcza czterokrotnego mistrza Polski na kolejk\u0119 przed ko\u0144cem rozgrywek w trzeciej lidze. \u0141odzianie, przed ostatnim spotkaniem w sezonie, zajmuj\u0105 pozycj\u0119 lidera. <\/strong><\/p>\n<p>Smuda trafi\u0142 do Widzewa w sierpniu. Klub postawi\u0142 przed nim jasne zadanie \u2013 bezproblemowy awans do wy\u017cszej klasy rozgrywkowej. Co prawda \u0142odzianie, przed ostatni\u0105 kolejk\u0105, zajmuj\u0105 pierwsze miejsce w tabeli (tyle samo punkt\u00f3w co Lechia Tomasz\u00f3w Mazowiecki), jednak cz\u0119sto zawodzili i grali w kratk\u0119. By\u0142y selekcjoner reprezentacji Polskie nie zostanie w Widzewie na d\u0142u\u017cej. 69-latek nie stawi\u0142 si\u0119 na spotkaniu w klubie, co poniek\u0105d przes\u0105dzi\u0142o o jego losie. Sched\u0119 po nim ma przej\u0105\u0107 Rados\u0142aw Mroczkowski, kt\u00f3ry niedawno prowadzi\u0142 Sandecj\u0119 Nowy S\u0105cz.<\/p>\n<p><strong>\u0179r\u00f3d\u0142o:<\/strong> <a href=\"http:\/\/wyborcza.pl\/7,154903,23526716,widzew-lodz-juz-nie-chce-franciszka-smudy.html\">Gazeta Wyborcza<\/a><\/p>\n<p>fot. Marcin Szymczyk\/Legia.Net<\/p>\n","protected":false},"excerpt":{"rendered":"<p>Franciszek Smuda oficjalnie \u017cegna si\u0119 z Widzewem \u0141\u00f3d\u017a &#8211; poinformowa\u0142a &#8222;Gazeta Wyborcza&#8221;. 69-letni szkoleniowiec opuszcza czterokrotnego mistrza Polski na kolejk\u0119<\/p>\n","protected":false},"author":4,"featured_media":753,"comment_status":"open","ping_status":"open","sticky":false,"template":"","format":"standard","meta":{"_exactmetrics_skip_tracking":false,"_exactmetrics_sitenote_active":false,"_exactmetrics_sitenote_note":"","_exactmetrics_sitenote_category":0,"footnotes":""},"categories":[32,27,25],"tags":[],"class_list":["post-752","post","type-post","status-publish","format-standard","has-post-thumbnail","hentry","category-newsy","category-pilka-nozna","category-polecane"],"_links":{"self":[{"href":"http:\/\/czasnasport.net\/index.php?rest_route=\/wp\/v2\/posts\/752","targetHints":{"allow":["GET"]}}],"collection":[{"href":"http:\/\/czasnasport.net\/index.php?rest_route=\/wp\/v2\/posts"}],"about":[{"href":"http:\/\/czasnasport.net\/index.php?rest_route=\/wp\/v2\/types\/post"}],"author":[{"embeddable":true,"href":"http:\/\/czasnasport.net\/index.php?rest_route=\/wp\/v2\/users\/4"}],"replies":[{"embeddable":true,"href":"http:\/\/czasnasport.net\/index.php?rest_route=%2Fwp%2Fv2%2Fcomments&post=752"}],"version-history":[{"count":3,"href":"http:\/\/czasnasport.net\/index.php?rest_route=\/wp\/v2\/posts\/752\/revisions"}],"predecessor-version":[{"id":756,"href":"http:\/\/czasnasport.net\/index.php?rest_route=\/wp\/v2\/posts\/752\/revisions\/756"}],"wp:featuredmedia":[{"embeddable":true,"href":"http:\/\/czasnasport.net\/index.php?rest_route=\/wp\/v2\/media\/753"}],"wp:attachment":[{"href":"http:\/\/czasnasport.net\/index.php?rest_route=%2Fwp%2Fv2%2Fmedia&parent=752"}],"wp:term":[{"taxonomy":"category","embeddable":true,"href":"http:\/\/czasnasport.net\/index.php?rest_route=%2Fwp%2Fv2%2Fcategories&post=752"},{"taxonomy":"post_tag","embeddable":true,"href":"http:\/\/czasnasport.net\/index.php?rest_route=%2Fwp%2Fv2%2Ftags&post=752"}],"curies":[{"name":"wp","href":"https:\/\/api.w.org\/{rel}","templated":true}]}}