{"id":723,"date":"2018-06-07T18:56:04","date_gmt":"2018-06-07T16:56:04","guid":{"rendered":"http:\/\/czasnasport.net\/?p=723"},"modified":"2018-06-07T18:56:04","modified_gmt":"2018-06-07T16:56:04","slug":"jakub-blaszczykowski-za-mna-dlugi-okres-walki-o-powrot-do-formy","status":"publish","type":"post","link":"http:\/\/czasnasport.net\/?p=723","title":{"rendered":"Jakub B\u0142aszczykowski: Za mn\u0105 d\u0142ugi okres walki o powr\u00f3t do formy"},"content":{"rendered":"<p>fot. Marcin Szymczyk\/Legia.Net<\/p>\n<p><strong>&#8211; Koncentruj\u0119 si\u0119 przede wszystkim na sparingu z Chile. Za mn\u0105 d\u0142ugi i trudny okres walki o powr\u00f3t do formy. Przygotowania kosztowa\u0142y mnie wiele wysi\u0142ku \u2013 zar\u00f3wno fizycznego jak i psychicznego. Licz\u0119, \u017ce potwierdz\u0119 swoj\u0105 przydatno\u015b\u0107 na boisku \u2013 powiedzia\u0142 Jakub B\u0142aszczykowski podczas czwartkowej konferencji prasowej. <\/strong><\/p>\n<p>&#8211; \u00a0Brak Kamila Glika to dla nas spora strata, ale mo\u017ce w ten spos\u00f3b otworzy si\u0119 szansa dla innych zawodnik\u00f3w. \u201eGliksonowi\u201d \u017cyczymy wszystkiego najlepszego, trzymamy za niego kciuki. Tego, co si\u0119 zdarzy\u0142o ju\u017c nie zmienimy, lecz dzi\u0119ki naszym zwyci\u0119stwom, Kamil poczuje si\u0119 troch\u0119 lepiej i \u0142atwiej mu b\u0119dzie wr\u00f3ci\u0107 do zdrowia oraz formy.<\/p>\n<p data-scroll=\"paragraph_4\"><strong>Grzegorz Krychowiak: <\/strong>&#8211; W naszym zespole panuje \u015bwietna atmosfera, kt\u00f3r\u0105 buduj\u0105 wyniki i zwyci\u0119stwa. Lubimy si\u0119 ze sob\u0105 walczymy za dw\u00f3ch na murawie. Nasi kibice s\u0105 fantastyczni pod ka\u017cdym wzgl\u0119dem. Dzi\u0119kujemy im za ogromne wsparcie. Jedziemy na mundial, aby osi\u0105gn\u0105\u0107 sukces tak\u017ce dla nich.<\/p>\n","protected":false},"excerpt":{"rendered":"<p>fot. Marcin Szymczyk\/Legia.Net &#8211; Koncentruj\u0119 si\u0119 przede wszystkim na sparingu z Chile. Za mn\u0105 d\u0142ugi i trudny okres walki o<\/p>\n","protected":false},"author":4,"featured_media":724,"comment_status":"open","ping_status":"open","sticky":false,"template":"","format":"standard","meta":{"_exactmetrics_skip_tracking":false,"_exactmetrics_sitenote_active":false,"_exactmetrics_sitenote_note":"","_exactmetrics_sitenote_category":0,"footnotes":""},"categories":[32,27,25],"tags":[103,51],"class_list":["post-723","post","type-post","status-publish","format-standard","has-post-thumbnail","hentry","category-newsy","category-pilka-nozna","category-polecane","tag-blaszczykowski","tag-mundial"],"_links":{"self":[{"href":"http:\/\/czasnasport.net\/index.php?rest_route=\/wp\/v2\/posts\/723","targetHints":{"allow":["GET"]}}],"collection":[{"href":"http:\/\/czasnasport.net\/index.php?rest_route=\/wp\/v2\/posts"}],"about":[{"href":"http:\/\/czasnasport.net\/index.php?rest_route=\/wp\/v2\/types\/post"}],"author":[{"embeddable":true,"href":"http:\/\/czasnasport.net\/index.php?rest_route=\/wp\/v2\/users\/4"}],"replies":[{"embeddable":true,"href":"http:\/\/czasnasport.net\/index.php?rest_route=%2Fwp%2Fv2%2Fcomments&post=723"}],"version-history":[{"count":1,"href":"http:\/\/czasnasport.net\/index.php?rest_route=\/wp\/v2\/posts\/723\/revisions"}],"predecessor-version":[{"id":725,"href":"http:\/\/czasnasport.net\/index.php?rest_route=\/wp\/v2\/posts\/723\/revisions\/725"}],"wp:featuredmedia":[{"embeddable":true,"href":"http:\/\/czasnasport.net\/index.php?rest_route=\/wp\/v2\/media\/724"}],"wp:attachment":[{"href":"http:\/\/czasnasport.net\/index.php?rest_route=%2Fwp%2Fv2%2Fmedia&parent=723"}],"wp:term":[{"taxonomy":"category","embeddable":true,"href":"http:\/\/czasnasport.net\/index.php?rest_route=%2Fwp%2Fv2%2Fcategories&post=723"},{"taxonomy":"post_tag","embeddable":true,"href":"http:\/\/czasnasport.net\/index.php?rest_route=%2Fwp%2Fv2%2Ftags&post=723"}],"curies":[{"name":"wp","href":"https:\/\/api.w.org\/{rel}","templated":true}]}}