{"id":716,"date":"2018-06-05T18:14:16","date_gmt":"2018-06-05T16:14:16","guid":{"rendered":"http:\/\/czasnasport.net\/?p=716"},"modified":"2018-06-05T18:14:16","modified_gmt":"2018-06-05T16:14:16","slug":"kubica-przejdzie-testy-na-wegrzech","status":"publish","type":"post","link":"http:\/\/czasnasport.net\/?p=716","title":{"rendered":"Kubica przejdzie testy na W\u0119grzech"},"content":{"rendered":"<p><strong>Williams potwierdzi\u0142 sk\u0142ady na kolejn\u0105 sesj\u0119 Formu\u0142y 1. Po Grand Prix W\u0119gier, testy na torze Hungaroring, przejd\u0105 Robert Kubica oraz oficjalny m\u0142ody kierowca ekipy &#8211; Oliver Rowland.\u00a0<\/strong><\/p>\n<p>Robert ma za sob\u0105 wyst\u0119p w pierwszym, pi\u0105tkowym treningu w Barcelonie, a nast\u0119pnie oficjalne testy po GP Hiszpanii, na tym samym torze. P\u00f3\u017aniej, Kubica bra\u0142 udzia\u0142 w jazdach przed Grand Prix Austrii czy w testach na W\u0119grzech.<\/p>\n<p>Rowland b\u0119dzie \u015bciga\u0142 si\u0119 podczas pierwszego dnia dwudniowych test\u00f3w, kt\u00f3re nast\u0105pi\u0105 po Grand Prix W\u0119gier w dniach 31 lipca-1 sierpnia, aby przekaza\u0107 samoch\u00f3d Polakowi drugiego dnia.\u00a0Istnieje szansa, \u017ce Kubica pojawi si\u0119 na testach nieco wcze\u015bniej. By\u0107 mo\u017ce Robert otrzyma szans\u0119 na torze Silvestrone po GP Wielkiej Brytanii.<\/p>\n","protected":false},"excerpt":{"rendered":"<p>Williams potwierdzi\u0142 sk\u0142ady na kolejn\u0105 sesj\u0119 Formu\u0142y 1. Po Grand Prix W\u0119gier, testy na torze Hungaroring, przejd\u0105 Robert Kubica oraz<\/p>\n","protected":false},"author":4,"featured_media":717,"comment_status":"open","ping_status":"open","sticky":false,"template":"","format":"standard","meta":{"_exactmetrics_skip_tracking":false,"_exactmetrics_sitenote_active":false,"_exactmetrics_sitenote_note":"","_exactmetrics_sitenote_category":0,"footnotes":""},"categories":[33,32,25],"tags":[101],"class_list":["post-716","post","type-post","status-publish","format-standard","has-post-thumbnail","hentry","category-inne-dyscypliny","category-newsy","category-polecane","tag-f1"],"_links":{"self":[{"href":"http:\/\/czasnasport.net\/index.php?rest_route=\/wp\/v2\/posts\/716","targetHints":{"allow":["GET"]}}],"collection":[{"href":"http:\/\/czasnasport.net\/index.php?rest_route=\/wp\/v2\/posts"}],"about":[{"href":"http:\/\/czasnasport.net\/index.php?rest_route=\/wp\/v2\/types\/post"}],"author":[{"embeddable":true,"href":"http:\/\/czasnasport.net\/index.php?rest_route=\/wp\/v2\/users\/4"}],"replies":[{"embeddable":true,"href":"http:\/\/czasnasport.net\/index.php?rest_route=%2Fwp%2Fv2%2Fcomments&post=716"}],"version-history":[{"count":1,"href":"http:\/\/czasnasport.net\/index.php?rest_route=\/wp\/v2\/posts\/716\/revisions"}],"predecessor-version":[{"id":718,"href":"http:\/\/czasnasport.net\/index.php?rest_route=\/wp\/v2\/posts\/716\/revisions\/718"}],"wp:featuredmedia":[{"embeddable":true,"href":"http:\/\/czasnasport.net\/index.php?rest_route=\/wp\/v2\/media\/717"}],"wp:attachment":[{"href":"http:\/\/czasnasport.net\/index.php?rest_route=%2Fwp%2Fv2%2Fmedia&parent=716"}],"wp:term":[{"taxonomy":"category","embeddable":true,"href":"http:\/\/czasnasport.net\/index.php?rest_route=%2Fwp%2Fv2%2Fcategories&post=716"},{"taxonomy":"post_tag","embeddable":true,"href":"http:\/\/czasnasport.net\/index.php?rest_route=%2Fwp%2Fv2%2Ftags&post=716"}],"curies":[{"name":"wp","href":"https:\/\/api.w.org\/{rel}","templated":true}]}}