{"id":707,"date":"2018-06-04T14:35:47","date_gmt":"2018-06-04T12:35:47","guid":{"rendered":"http:\/\/czasnasport.net\/?p=707"},"modified":"2018-06-04T14:35:47","modified_gmt":"2018-06-04T12:35:47","slug":"kamil-glik-prawdopodobnie-przejdzie-operacje","status":"publish","type":"post","link":"http:\/\/czasnasport.net\/?p=707","title":{"rendered":"Kamil Glik prawdopodobnie przejdzie operacj\u0119"},"content":{"rendered":"<p><strong>Kamil Glik na poniedzia\u0142kowym treningu reprezentacji Polski nieszcz\u0119\u015bliwie upad\u0142 i dozna\u0142 urazu barku. Defensor AS Monaco przeszed\u0142 ju\u017c badania w szpitalu w Przemy\u015blu. Z naszych informacji wynika, \u017ce 30-latek do Rosji nie poleci, za to b\u0119dzie musia\u0142 przej\u015b\u0107 operacj\u0119.<\/strong><\/p>\n<p>&nbsp;<\/p>\n<p>Na razie Glik znalaz\u0142 si\u0119 w 23-osobowej kadrze na mistrzostwa \u015awiata. Sztab reprezentacji Polski b\u0119dzie m\u00f3g\u0142 go jednak wymieni\u0107 do 24 godzin przed pierwszym spotkaniem w fazie grupowej. Z kadr\u0105 Nawa\u0142ki pozostanie na razie Marcin Kami\u0144ski. Wiele wskazuje na to, \u017ce to w\u0142a\u015bnie defensor VFB Stuttgart poleci na mundial w zamian za Glika.<\/p>\n<p>&nbsp;<\/p>\n<p>W kadrze, poza Glikiem, znalaz\u0142o si\u0119 trzech innych stoper\u00f3w: Jan Bednarek, Thiago Cionek i Micha\u0142 Pazdan. Kontuzja gracza Monaco prawdopodobnie nie pozwoli mu na wyst\u0119p w Rosji. &#8222;CzasNaSport&#8221; dowiedzia\u0142 si\u0119, \u017ce prawie na pewno potrzebna b\u0119dzie operacja. Ta odb\u0119dzie si\u0119 zapewne jeszcze w tym tygodniu.<\/p>\n","protected":false},"excerpt":{"rendered":"<p>Kamil Glik na poniedzia\u0142kowym treningu reprezentacji Polski nieszcz\u0119\u015bliwie upad\u0142 i dozna\u0142 urazu barku. Defensor AS Monaco przeszed\u0142 ju\u017c badania w<\/p>\n","protected":false},"author":4,"featured_media":708,"comment_status":"open","ping_status":"open","sticky":false,"template":"","format":"standard","meta":{"_exactmetrics_skip_tracking":false,"_exactmetrics_sitenote_active":false,"_exactmetrics_sitenote_note":"","_exactmetrics_sitenote_category":0,"footnotes":""},"categories":[32,27,25],"tags":[37,96,97,98,100,99],"class_list":["post-707","post","type-post","status-publish","format-standard","has-post-thumbnail","hentry","category-newsy","category-pilka-nozna","category-polecane","tag-adam-nawalka","tag-kamil-glik","tag-kontuzja","tag-operacja","tag-reprezentacja-polski","tag-tragedia"],"_links":{"self":[{"href":"http:\/\/czasnasport.net\/index.php?rest_route=\/wp\/v2\/posts\/707","targetHints":{"allow":["GET"]}}],"collection":[{"href":"http:\/\/czasnasport.net\/index.php?rest_route=\/wp\/v2\/posts"}],"about":[{"href":"http:\/\/czasnasport.net\/index.php?rest_route=\/wp\/v2\/types\/post"}],"author":[{"embeddable":true,"href":"http:\/\/czasnasport.net\/index.php?rest_route=\/wp\/v2\/users\/4"}],"replies":[{"embeddable":true,"href":"http:\/\/czasnasport.net\/index.php?rest_route=%2Fwp%2Fv2%2Fcomments&post=707"}],"version-history":[{"count":1,"href":"http:\/\/czasnasport.net\/index.php?rest_route=\/wp\/v2\/posts\/707\/revisions"}],"predecessor-version":[{"id":709,"href":"http:\/\/czasnasport.net\/index.php?rest_route=\/wp\/v2\/posts\/707\/revisions\/709"}],"wp:featuredmedia":[{"embeddable":true,"href":"http:\/\/czasnasport.net\/index.php?rest_route=\/wp\/v2\/media\/708"}],"wp:attachment":[{"href":"http:\/\/czasnasport.net\/index.php?rest_route=%2Fwp%2Fv2%2Fmedia&parent=707"}],"wp:term":[{"taxonomy":"category","embeddable":true,"href":"http:\/\/czasnasport.net\/index.php?rest_route=%2Fwp%2Fv2%2Fcategories&post=707"},{"taxonomy":"post_tag","embeddable":true,"href":"http:\/\/czasnasport.net\/index.php?rest_route=%2Fwp%2Fv2%2Ftags&post=707"}],"curies":[{"name":"wp","href":"https:\/\/api.w.org\/{rel}","templated":true}]}}