{"id":704,"date":"2018-06-04T14:26:40","date_gmt":"2018-06-04T12:26:40","guid":{"rendered":"http:\/\/czasnasport.net\/?p=704"},"modified":"2018-06-04T14:28:05","modified_gmt":"2018-06-04T12:28:05","slug":"704","status":"publish","type":"post","link":"http:\/\/czasnasport.net\/?p=704","title":{"rendered":"Znamy wybra\u0144c\u00f3w Nawa\u0142ki!"},"content":{"rendered":"<p>Poznali\u015bmy kadr\u0119 reprezentacji Polski na zbli\u017caj\u0105ce si\u0119 wielkimi krokami mistrzostwa \u015awiata. Selekcjoner Adam Nawa\u0142ka nie zaskoczy\u0142 zbyt mocno, ale pod znakiem zapytania stoi wyst\u0119p Kamila Glika, kt\u00f3ry na poniedzia\u0142kowym treningu dozna\u0142 kontuzji barku. Zabrak\u0142o r\u00f3wnie\u017c dotychczasowego ulubie\u0144ca Nawa\u0142ki, Krzysztofa M\u0105czy\u0144skiego. Pomocnik nie zdo\u0142a\u0142 doj\u015b\u0107 do zdrowia po urazie sprzed kilku tygodni.<\/p>\n<p>&nbsp;<\/p>\n<p>&#8211; Nasze przygotowania przebiegaj\u0105 zgodnie z planem. W zespole jest bardzo dobra atmosfera, wszyscy chc\u0105 ze sob\u0105 wsp\u00f3\u0142pracowa\u0107. Nie brakowa\u0142o zdrowej rywalizacji i potu na treningach. Wierz\u0119, \u017ce praca tych, kt\u00f3rzy nie znale\u017ali si\u0119 na 23-osobowej li\u015bcie, r\u00f3wnie\u017c nie p\u00f3jdzie na marne. Nie zamykam dla nich drzwi do reprezentacje, cho\u0107 musz\u0119 czasem podejmowa\u0107 trudne decyzje. Ostatnia noc nie by\u0142a dla mnie \u0142atwa &#8211; powiedzia\u0142 selekcjoner reprezentacji Polski, Adam Nawa\u0142ka.<\/p>\n<p>&nbsp;<\/p>\n<p><strong>Kadra Polski na mistrzostwa \u015awiata w Rosji:<\/strong><\/p>\n<p><strong>Bramkarze:<\/strong>\u00a01. Wojciech Szcz\u0119sny, 12. Bartosz Bia\u0142kowski, 22.<strong>\u00a0<\/strong>\u0141ukasz Fabia\u0144ski<\/p>\n<p>&nbsp;<\/p>\n<p><strong>Obro\u0144cy<\/strong>: 2. Micha\u0142 Pazdan, 3. Artur J\u0119drzejczyk, 4. Thiago Cionek, 5. Jan Bednarek, 15. Kamil Glik, 18. Bartosz Bereszy\u0144ski, 20. \u0141ukasz Piszczek<\/p>\n<p>&nbsp;<\/p>\n<p><strong>Pomocnicy<\/strong>: 6. Jacek G\u00f3ralski, 8. Karol Linetty, 10. Grzegorz Krychowiak, 11. Kamil Grosicki, 13. Maciej Rybus, 16. Jakub B\u0142aszczykowski, 17. S\u0142awomir Peszko, 19. Piotr Zieli\u0144ski, 21. Rafa\u0142 Kurzawa<\/p>\n<p>&nbsp;<\/p>\n<p><strong>Napastnicy<\/strong>: 7. Arkadiusz Milik, 9. Robert Lewandowski, 14. \u0141ukasz Teodorczyk, 23. Dawid Kownacki.<\/p>\n<p>&nbsp;<\/p>\n<p><strong>Oni nie polec\u0105:\u00a0<\/strong>\u0141ukasz Skorupski, Sebastian Szyma\u0144ski, Przemys\u0142aw Frankowski, Krzysztof M\u0105czy\u0144ski, Kamil Wilczek, Szymon \u017burkowski, Tomasz K\u0119dziora, Pawe\u0142 Dawidowicz.<\/p>\n<p>&nbsp;<\/p>\n<p>&#8211; Z dru\u017cyn\u0105 zostanie Marcin Kami\u0144ski. To wszystko jest kwesti\u0105 kontuzji Kamila Glika, kt\u00f3rego sytuacja zdrowotna jest pod znakiem zapytania &#8211; doda\u0142 szkoleniowiec. Obro\u0144ca AS Monaco na poniedzia\u0142kowym treningu dozna\u0142 urazu barku.<\/p>\n","protected":false},"excerpt":{"rendered":"<p>Poznali\u015bmy kadr\u0119 reprezentacji Polski na zbli\u017caj\u0105ce si\u0119 wielkimi krokami mistrzostwa \u015awiata. Selekcjoner Adam Nawa\u0142ka nie zaskoczy\u0142 zbyt mocno, ale pod<\/p>\n","protected":false},"author":4,"featured_media":511,"comment_status":"open","ping_status":"open","sticky":false,"template":"","format":"standard","meta":{"_exactmetrics_skip_tracking":false,"_exactmetrics_sitenote_active":false,"_exactmetrics_sitenote_note":"","_exactmetrics_sitenote_category":0,"footnotes":""},"categories":[32,27,25],"tags":[37,95,93,40,51,65,94],"class_list":["post-704","post","type-post","status-publish","format-standard","has-post-thumbnail","hentry","category-newsy","category-pilka-nozna","category-polecane","tag-adam-nawalka","tag-glik-kamil","tag-kadra","tag-mistrzostwa-swiata","tag-mundial","tag-polska","tag-reprezentacja"],"_links":{"self":[{"href":"http:\/\/czasnasport.net\/index.php?rest_route=\/wp\/v2\/posts\/704","targetHints":{"allow":["GET"]}}],"collection":[{"href":"http:\/\/czasnasport.net\/index.php?rest_route=\/wp\/v2\/posts"}],"about":[{"href":"http:\/\/czasnasport.net\/index.php?rest_route=\/wp\/v2\/types\/post"}],"author":[{"embeddable":true,"href":"http:\/\/czasnasport.net\/index.php?rest_route=\/wp\/v2\/users\/4"}],"replies":[{"embeddable":true,"href":"http:\/\/czasnasport.net\/index.php?rest_route=%2Fwp%2Fv2%2Fcomments&post=704"}],"version-history":[{"count":2,"href":"http:\/\/czasnasport.net\/index.php?rest_route=\/wp\/v2\/posts\/704\/revisions"}],"predecessor-version":[{"id":706,"href":"http:\/\/czasnasport.net\/index.php?rest_route=\/wp\/v2\/posts\/704\/revisions\/706"}],"wp:featuredmedia":[{"embeddable":true,"href":"http:\/\/czasnasport.net\/index.php?rest_route=\/wp\/v2\/media\/511"}],"wp:attachment":[{"href":"http:\/\/czasnasport.net\/index.php?rest_route=%2Fwp%2Fv2%2Fmedia&parent=704"}],"wp:term":[{"taxonomy":"category","embeddable":true,"href":"http:\/\/czasnasport.net\/index.php?rest_route=%2Fwp%2Fv2%2Fcategories&post=704"},{"taxonomy":"post_tag","embeddable":true,"href":"http:\/\/czasnasport.net\/index.php?rest_route=%2Fwp%2Fv2%2Ftags&post=704"}],"curies":[{"name":"wp","href":"https:\/\/api.w.org\/{rel}","templated":true}]}}