{"id":655,"date":"2018-06-02T16:02:00","date_gmt":"2018-06-02T14:02:00","guid":{"rendered":"http:\/\/czasnasport.net\/?p=655"},"modified":"2018-06-02T16:02:00","modified_gmt":"2018-06-02T14:02:00","slug":"bartosz-bereszynski-trzeba-cieszyc-sie-z-var-u","status":"publish","type":"post","link":"http:\/\/czasnasport.net\/?p=655","title":{"rendered":"Bartosz Bereszy\u0144ski: Trzeba cieszy\u0107 si\u0119 z VAR-u"},"content":{"rendered":"<p>fot. Marcin Szymczyk\/Legia.Net<\/p>\n<p><strong>&#8211; VAR? Mam z ni\u0105 styczno\u015b\u0107 na boiskach Serie A. S\u0119dzia Szymon Marciniak jest do\u015bwiadczonym arbitrem i przekaza\u0142 nam sporo cennych niuans\u00f3w. Oczywi\u015bcie, niekt\u00f3re sytuacje zawsze b\u0119d\u0105 budzi\u0107 kontrowersje, kt\u00f3rych wideoweryfikacja nie jest w stanie wyja\u015bni\u0107. VAR jest i trzeba si\u0119 z tego cieszy\u0107 i korzysta\u0107 w takich spos\u00f3b, aby przynosi\u0142 efekty \u2013 powiedzia\u0142 na konferencji prasowej Bartosz Bereszy\u0144ski, obro\u0144ca reprezentacji Polski. <\/strong><\/p>\n<p>\u2013 Na pewno moj\u0105 nominaln\u0105 pozycj\u0105 jest prawa obrona. Nie zamykam si\u0119 tylko na t\u0119 pozycj\u0119. na W ostatnich meczach w kadrze gra\u0142em te\u017c na prawej i lewej obronie oraz prawym wahadle. Moja uniwersalno\u015b\u0107 jest atutem. Tam gdzie wystawi mnie trener, tam b\u0119d\u0119 wyst\u0119powa\u0142 i zrobi\u0142 wszystko, aby dru\u017cyna z tego korzysta\u0142a. Jestem otwarty na to, chc\u0119 gra\u0107 i da\u0107 zespo\u0142owi jak najwi\u0119cej.<\/p>\n<p>\u2013 Ka\u017cdy z zawodnik\u00f3w, kt\u00f3ry we\u017amie udzia\u0142 w grze kontrolnej, da z siebie wszystko i b\u0119dzie walczy\u0142 o marzenia. Nie ma mowy o z\u0142o\u015bliwo\u015bci czy nadmiernej ostro\u015bci, ale wszystko odb\u0119dzie si\u0119 w uczciwej, twardej rywalizacji. Przygotowujemy si\u0119 optymalnie i b\u0119dziemy chcieli wykorzysta\u0107 swoj\u0105 szans\u0119.<\/p>\n<p>\u2013 Da si\u0119 odczu\u0107, \u017ce jest du\u017ce zainteresowanie nasz\u0105 dru\u017cyn\u0105 i mo\u017cemy si\u0119 z tego tylko cieszy\u0107. Zdajemy sobie spraw\u0119, \u017ce wielu osobom nie jeste\u015bmy w stanie rozda\u0107 autograf\u00f3w, zrobi\u0107 sobie zdj\u0119cie. S\u0105 jednak takie okoliczno\u015bci, jak wczorajszy dzie\u0144 dziecka, otwarte treningi \u2013 w\u00f3wczas mo\u017cemy sp\u0119dzi\u0107 chwil\u0119 czasu z fanami. Cieszy nas to i zarazem \u00a0odzwierciedla, jak wielki turniej przed nami.<\/p>\n<p>\u2013 Ten sezon by\u0142 moim pierwszym pe\u0142nym w tak silnej lidze. By\u0142o to w pewnym stopniu wyzwanie. Czuj\u0119 si\u0119 bardzo dobrze fizycznie i psychicznie. Zgrupowanie w Juracie i kilku dni w domu by\u0142y kluczowe. Z\u0142apali\u015bmy ochot\u0119 do pracy. Przyjechali\u015bmy do Ar\u0142amowa my\u015bl\u0105c tylko o treningach i \u00a0jak najlepszych przygotowaniach<\/p>\n<p><strong>Thiago Cionek: \u00a0<\/strong>&#8211; Mamy nieco przed\u0142u\u017cony okres przygotowawczy, ze wzgl\u0119du na to, i\u017c pierwszy mecz na mundialu gramy dopiero 19 czerwca. Mo\u017cemy jednak z tego korzysta\u0107. Bardzo podobnie dzia\u0142amy jak dwa lata temu, przed Euro 2016. Licz\u0119, \u017ce b\u0119dziemy przygotowani w optymalny spos\u00f3b.<\/p>\n<p>&#8211; Regularna gra pomaga \u2013 zar\u00f3wno o wydolno\u015b\u0107 jak i fizyczno\u015b\u0107. Mo\u017cna si\u0119 tylko z tego cieszy\u0107. Mieli\u015bmy du\u017co czasu na odpoczynek. Trenerzy \u015bledz\u0105 poczynania ka\u017cdego zawodnika. Czuj\u0119 si\u0119 nie\u017ale, wyst\u0119powa\u0142em cz\u0119sto i jest to m\u00f3j atut. Wierz\u0119, \u017ce b\u0119d\u0119 przydatny na mundialu.\u00a0Ciesz\u0119 si\u0119, \u017ce trener mi ufa. Ca\u0142y czas staram si\u0119 pomaga\u0107 dru\u017cynie.<\/p>\n","protected":false},"excerpt":{"rendered":"<p>fot. Marcin Szymczyk\/Legia.Net &#8211; VAR? Mam z ni\u0105 styczno\u015b\u0107 na boiskach Serie A. S\u0119dzia Szymon Marciniak jest do\u015bwiadczonym arbitrem i<\/p>\n","protected":false},"author":4,"featured_media":656,"comment_status":"open","ping_status":"open","sticky":false,"template":"","format":"standard","meta":{"_exactmetrics_skip_tracking":false,"_exactmetrics_sitenote_active":false,"_exactmetrics_sitenote_note":"","_exactmetrics_sitenote_category":0,"footnotes":""},"categories":[32,27,25],"tags":[],"class_list":["post-655","post","type-post","status-publish","format-standard","has-post-thumbnail","hentry","category-newsy","category-pilka-nozna","category-polecane"],"_links":{"self":[{"href":"http:\/\/czasnasport.net\/index.php?rest_route=\/wp\/v2\/posts\/655","targetHints":{"allow":["GET"]}}],"collection":[{"href":"http:\/\/czasnasport.net\/index.php?rest_route=\/wp\/v2\/posts"}],"about":[{"href":"http:\/\/czasnasport.net\/index.php?rest_route=\/wp\/v2\/types\/post"}],"author":[{"embeddable":true,"href":"http:\/\/czasnasport.net\/index.php?rest_route=\/wp\/v2\/users\/4"}],"replies":[{"embeddable":true,"href":"http:\/\/czasnasport.net\/index.php?rest_route=%2Fwp%2Fv2%2Fcomments&post=655"}],"version-history":[{"count":1,"href":"http:\/\/czasnasport.net\/index.php?rest_route=\/wp\/v2\/posts\/655\/revisions"}],"predecessor-version":[{"id":657,"href":"http:\/\/czasnasport.net\/index.php?rest_route=\/wp\/v2\/posts\/655\/revisions\/657"}],"wp:featuredmedia":[{"embeddable":true,"href":"http:\/\/czasnasport.net\/index.php?rest_route=\/wp\/v2\/media\/656"}],"wp:attachment":[{"href":"http:\/\/czasnasport.net\/index.php?rest_route=%2Fwp%2Fv2%2Fmedia&parent=655"}],"wp:term":[{"taxonomy":"category","embeddable":true,"href":"http:\/\/czasnasport.net\/index.php?rest_route=%2Fwp%2Fv2%2Fcategories&post=655"},{"taxonomy":"post_tag","embeddable":true,"href":"http:\/\/czasnasport.net\/index.php?rest_route=%2Fwp%2Fv2%2Ftags&post=655"}],"curies":[{"name":"wp","href":"https:\/\/api.w.org\/{rel}","templated":true}]}}