{"id":564,"date":"2018-05-30T02:02:06","date_gmt":"2018-05-30T00:02:06","guid":{"rendered":"http:\/\/czasnasport.net\/?p=564"},"modified":"2018-05-30T15:10:27","modified_gmt":"2018-05-30T13:10:27","slug":"marciniak-nadal-w-elicie-tylko-marciniak","status":"publish","type":"post","link":"http:\/\/czasnasport.net\/?p=564","title":{"rendered":"Marciniak nadal w elicie. Tylko Marciniak."},"content":{"rendered":"<p><strong>UEFA przedstawi\u0142a kategorie s\u0119dziowskie na pierwsz\u0105 po\u0142ow\u0119 sezonu 2018\/2019. W elicie znalaz\u0142 si\u0119 Szymon Marciniak, kt\u00f3ry ju\u017c wcze\u015bniej by\u0142 w topowej klasie arbitr\u00f3w i nadal w niej pozostaje.\u00a0<\/strong><\/p>\n<p>Szymon Marciniak jest jedynym arbitrem z Polski, kt\u00f3ry za\u0142apa\u0142 si\u0119 do s\u0119dziowskiej klasy &#8222;Elite&#8221;.\u00a0W sumie znalaz\u0142o si\u0119 w niej 26 arbitr\u00f3w: Czterech z Niemiec, trzech z Hiszpanii, dw\u00f3ch z Anglii, Francji, W\u0142och, Holandii i po jednym z Czech, Polski, Grecji, W\u0119gier, Portugalii, Rumunii, Rosji, Szkocji, S\u0142owenii, Szwecji oraz Serbii, z kt\u00f3rej pochodzi\u0142 rozjemca ostatniego fina\u0142u Ligi Mistrz\u00f3w, Milorad Mazi\u0107.<\/p>\n<p>W ni\u017cszej klasie &#8222;First&#8221;, uznanie oficjeli z UEFA znalaz\u0142o trzech arbitr\u00f3w prowadz\u0105cych na co dzie\u0144 mecze Ekstraklasy: Pawe\u0142 Gil, Pawe\u0142 Raczkowski, a tak\u017ce Daniel Stefa\u0144ski. W kategorii &#8222;Second&#8221;, europejska unia pi\u0142karska, sklasyfikowa\u0142a Bartosza Frankowskiego. Jeszcze ni\u017cej znale\u017ali si\u0119 Krzysztof Jakubik i Tomasz Musia\u0142. Wszyscy tworz\u0105 grono polskich arbitr\u00f3w mi\u0119dzynarodowych i zatrudnieni s\u0105 na kontraktach przez PZPN w roli s\u0119dzi\u00f3w zawodowych.<\/p>\n<p>Za sprawy s\u0119dziowskie w UEFA odpowiada s\u0142ynny Pierluigi Collina. W\u0142och prowadzi\u0142 m.in. fina\u0142 mistrzostw \u015awiata w 2002 roku, gdy Brazylia pokona\u0142a Niemc\u00f3w.<\/p>\n<p><a href=\"https:\/\/twitter.com\/h_demboveac\/status\/1001600959049601024\">\u017br\u00f3d\u0142o: ArbiterCafe<\/a><\/p>\n<p>Pe\u0142en wykaz znajduje si\u0119 <a href=\"https:\/\/drive.google.com\/file\/d\/1VoC0_eQiM-N3oE6A_JkxWvO0-im8fOLD\/view\">w tym miejscu<\/a>.<br \/>\nfot: Marcin Szymczyk\/400mm\/Legia.Net<\/p>\n","protected":false},"excerpt":{"rendered":"<p>UEFA przedstawi\u0142a kategorie s\u0119dziowskie na pierwsz\u0105 po\u0142ow\u0119 sezonu 2018\/2019. W elicie znalaz\u0142 si\u0119 Szymon Marciniak, kt\u00f3ry ju\u017c wcze\u015bniej by\u0142 w<\/p>\n","protected":false},"author":4,"featured_media":565,"comment_status":"open","ping_status":"open","sticky":false,"template":"","format":"standard","meta":{"_exactmetrics_skip_tracking":false,"_exactmetrics_sitenote_active":false,"_exactmetrics_sitenote_note":"","_exactmetrics_sitenote_category":0,"footnotes":""},"categories":[32,27,25],"tags":[45,43,47,46,44,41,42],"class_list":["post-564","post","type-post","status-publish","format-standard","has-post-thumbnail","hentry","category-newsy","category-pilka-nozna","category-polecane","tag-bartlomiej-frankowski","tag-collina","tag-daniel-stefanski","tag-pawel-gil","tag-raczkowski","tag-szymon-marciniak","tag-uefa"],"_links":{"self":[{"href":"http:\/\/czasnasport.net\/index.php?rest_route=\/wp\/v2\/posts\/564","targetHints":{"allow":["GET"]}}],"collection":[{"href":"http:\/\/czasnasport.net\/index.php?rest_route=\/wp\/v2\/posts"}],"about":[{"href":"http:\/\/czasnasport.net\/index.php?rest_route=\/wp\/v2\/types\/post"}],"author":[{"embeddable":true,"href":"http:\/\/czasnasport.net\/index.php?rest_route=\/wp\/v2\/users\/4"}],"replies":[{"embeddable":true,"href":"http:\/\/czasnasport.net\/index.php?rest_route=%2Fwp%2Fv2%2Fcomments&post=564"}],"version-history":[{"count":3,"href":"http:\/\/czasnasport.net\/index.php?rest_route=\/wp\/v2\/posts\/564\/revisions"}],"predecessor-version":[{"id":574,"href":"http:\/\/czasnasport.net\/index.php?rest_route=\/wp\/v2\/posts\/564\/revisions\/574"}],"wp:featuredmedia":[{"embeddable":true,"href":"http:\/\/czasnasport.net\/index.php?rest_route=\/wp\/v2\/media\/565"}],"wp:attachment":[{"href":"http:\/\/czasnasport.net\/index.php?rest_route=%2Fwp%2Fv2%2Fmedia&parent=564"}],"wp:term":[{"taxonomy":"category","embeddable":true,"href":"http:\/\/czasnasport.net\/index.php?rest_route=%2Fwp%2Fv2%2Fcategories&post=564"},{"taxonomy":"post_tag","embeddable":true,"href":"http:\/\/czasnasport.net\/index.php?rest_route=%2Fwp%2Fv2%2Ftags&post=564"}],"curies":[{"name":"wp","href":"https:\/\/api.w.org\/{rel}","templated":true}]}}