{"id":477,"date":"2018-05-29T20:50:32","date_gmt":"2018-05-29T18:50:32","guid":{"rendered":"http:\/\/czasnasport.net\/?p=477"},"modified":"2018-05-30T04:00:02","modified_gmt":"2018-05-30T02:00:02","slug":"bartlomiej-pietrasik-kontuzja-zyciowy-pech","status":"publish","type":"post","link":"http:\/\/czasnasport.net\/?p=477","title":{"rendered":"Szcz\u0119\u015bliwe majtki w Luksemburgu &#8211; Bart\u0142omiej Pietrasik"},"content":{"rendered":"<p><strong>Jak to si\u0119 sta\u0142o, \u017ce wyst\u0119puje za granic\u0105? Czym g\u00f3rowa\u0142 nad reszt\u0105 koleg\u00f3w? Jaki element garderoby jest dla niego szcz\u0119\u015bliwy? Kto jest dla niego wzorem do na\u015bladowania, a tak\u017ce kilka s\u0142\u00f3w o pechowym urazie. Przed Pa\u0144stwem Bart\u0142omiej Pietrasik, obro\u0144ca FC 72 Erpeldange, klubu wyst\u0119puj\u0105cego w drugiej lidze luksemburskiej. <\/strong><\/p>\n<p><strong>Jak wychowanek \u0142\u00f3dzkiego KS-u zawita\u0142 do ligi luksemburskiej?<\/strong><\/p>\n<p>&#8211; W \u0141odzi wyst\u0119powa\u0142em do pi\u0119tnastego roku \u017cycia. Nast\u0119pnie przenios\u0142em si\u0119 do I\u0142awy, gdzie gra\u0142em w miejscowym Jezioraku oraz w Finishparkiecie Nowe Miasto Lubawskie. Dlaczego kolejny wyb\u00f3r pad\u0142 na Luksemburg? M\u00f3j tata, zreszt\u0105 sportowiec, pi\u0142karz r\u0119czny wpad\u0142 na ten pomys\u0142. Mieszka tam ju\u017c ponad dwadzie\u015bcia lat i zaproponowa\u0142, \u017cebym spr\u00f3bowa\u0142 si\u0142 w\u0142a\u015bnie w tym kraju. Wystarczy\u0142 jeden pr\u00f3bny trening w Etzelli Ettelbruck. Od razu zaproponowano mi kontrakt i prac\u0119.<\/p>\n<p><strong>Co sobie pomy\u015bla\u0142e\u015b, gdy us\u0142ysza\u0142e\u015b nazw\u0119 klubu i kraj? By\u0142o zaskoczenie?<\/strong><\/p>\n<p>&#8211; Czu\u0142em, \u017ce pocz\u0105tki b\u0119d\u0105 trudne. Wiedzia\u0142em, \u017ce b\u0119dzie ci\u0119\u017cko si\u0119 zaaklimatyzowa\u0107 w nowym otoczeniu. Nie zna\u0142em \u017cadnego j\u0119zyka tak, \u017ceby si\u0119 dogadywa\u0107. Co wi\u0119cej, Etzella to ca\u0142kiem niez\u0142y klub w tym pa\u0144stwie. Kiedy\u015b gra\u0142 nawet w kwalifikacjach do Pucharu UEFA z Legi\u0105 Warszawa. Czeka\u0142o mnie zatem nowe wyzwanie, kt\u00f3remu towarzyszy\u0142a lekka trema.<\/p>\n<p><strong>Czu\u0142e\u015b, \u017ce obronisz si\u0119 swoimi umiej\u0119tno\u015bciami? I jak my\u015blisz &#8211; co zadecydowa\u0142o o tym, \u017ce zwi\u0105za\u0142em<\/strong> <strong>si\u0119 z tym klubem?<\/strong><\/p>\n<p>&#8211; Zdawa\u0142em sobie spraw\u0119 z tego, \u017ce jestem mocny. Pi\u0142karz nigdy nie mo\u017ce pow\u0105tpiewa\u0107 w swoje umiej\u0119tno\u015bci. Na ka\u017cdym treningu stara\u0142em si\u0119 pokazywa\u0107 si\u0119 z jak najlepszej strony. Zwi\u0105za\u0142em si\u0119 z tym zespo\u0142em, poniewa\u017c by\u0142a to wtedy najlepsza oferta jak\u0105 otrzyma\u0142em.<\/p>\n<p><strong>Czym g\u00f3rowa\u0142e\u015b nad reszt\u0105 koleg\u00f3w na boisku?<\/strong><\/p>\n<p>&#8211; Na pewno gr\u0105 w powietrzu. Ju\u017c w pierwszym sezonie w barwach Etzelli zdoby\u0142em sze\u015b\u0107 bramek. Nie dysponuj\u0119 jednak zbyt poka\u017anymi warunkami fizycznymi. Jako obro\u0144ca, jestem niezwykle waleczny. Praktycznie w sytuacjach jeden na jeden trudno mnie min\u0105\u0107. Przy wyprowadzaniu pi\u0142ki potrafi\u0142em zachowa\u0107 spok\u00f3j, szuka\u0107 rozwi\u0105za\u0144 bez paniki.\u00a0 Najwa\u017cniejszy jest przede wszystkim charakter. Nie wolno si\u0119 poddawa\u0107.<\/p>\n<p><strong>Charakter do\u0142\u0105czy\u0142 w parze z wiekiem czy posiada\u0142e\u015b go od najm\u0142odszych lat? <\/strong><\/p>\n<p>&#8211; Zawsze mia\u0142em taki charakter. Z wiekiem si\u0119 z kolei troch\u0119 uspokoi\u0142em. W przesz\u0142o\u015bci by\u0142em bardziej nerwowy i porywczy. Mentalno\u015b\u0107 zwyci\u0119zcy mam w genach od dziecka. Zawsze chc\u0119 wygrywa\u0107. Niezale\u017cnie co robi\u0119. D\u0142ugo analizuj\u0119 pora\u017cki, jak i zwyci\u0119stwa. Zastanawiam, gdzie mog\u0142em lepiej si\u0119 zachowa\u0107, ustawi\u0107\u2026 Po stracie punkt\u00f3w mam k\u0142opot z\u00a0 za\u015bni\u0119ciem.<\/p>\n<p><strong>Masz jakie\u015b materia\u0142y do analizy? <\/strong><\/p>\n<p>&#8211; Wszystko zale\u017cy od trenera. Wcze\u015bniej wsp\u00f3\u0142pracowa\u0142em z Niemcem, kt\u00f3ry nagrywa\u0142 nasze mecze i p\u00f3\u017aniej je wsp\u00f3lnie analizowali\u015bmy. Przynosi\u0142o to potem efekty, zw\u0142aszcza pod wzgl\u0119dem taktyki. Gram tutaj ju\u017c prawie dziewi\u0119\u0107 lat, wi\u0119c si\u0142\u0105 rzeczy znam przeciwnik\u00f3w. Chyba, \u017ce pojawiaj\u0105 si\u0119 nowi.<\/p>\n<p><strong>Czasami masz my\u015bli w stylu: &#8222;Czemu akurat Luksemburg. Przecie\u017c jest mn\u00f3stwo innych lig&#8221;?<\/strong><\/p>\n<p>&#8211; Nie my\u015bl\u0119 w takich kategoriach. Nigdy nie mia\u0142em managera, kt\u00f3ry szuka\u0142by mi nowych klub\u00f3w. Przed transferem zagranic\u0119 mog\u0142em zosta\u0107 w Jezioraku, w drugiej lidze, ale wola\u0142em spr\u00f3bowa\u0107 czego\u015b innego.<\/p>\n<p><strong>Wyst\u0119puj\u0105c w Luksemburgu nie musisz obawia\u0107 si\u0119 o przysz\u0142o\u015b\u0107?<\/strong><\/p>\n<p>&#8211; Nieco obejd\u0119 pytanie \u2013 tam liczy si\u0119 g\u0142\u00f3wnie praca, czyli dorabianie, a pi\u0142ka jest mi\u0142ym dodatkiem, rodzajem przyjemno\u015bci. Traktuj\u0119 sport jako hobby, trenuj\u0119 cztery razy w tygodniu. Mog\u0119 zdradzi\u0107, \u017ce pracuj\u0119 w transporcie i rozwo\u017c\u0119 cz\u0119\u015bci do samochod\u00f3w po ca\u0142ym kraju. W swojej dru\u017cynie mam mi\u0119dzy innymi policjanta, architekta, w\u0142a\u015bciciela hotelu, ubezpieczyciela. S\u0105 tak\u017ce studenci czy osoby pracuj\u0105ce na magazynie meblowym b\u0105d\u017a w biurach. W Ekstraklasie czy pierwszej lidze polskiej panuje pe\u0142en profesjonalizm. Nikt nie musi tam dorabia\u0107 na boku, tylko mo\u017ce skupi\u0107 si\u0119 na futbolu.<\/p>\n<p><strong>Czym urzek\u0142 ci\u0119 Luksemburg?<\/strong><\/p>\n<p>&#8211; Jest to bardzo urokliwe i ma\u0142e pa\u0144stwo posiadaj\u0105ce tereny g\u00f3rzyste i \u2013 co wi\u0119cej \u2013 jest niezwykle czyste, niczym Skandynawia. Ludzie m\u00f3wi\u0105 tutaj p\u0142ynnie w trzech j\u0119zykach i nie maj\u0105 problem\u00f3w z przestawianiem jednego na drugi. Sam operuj\u0119 j\u0119zykiem niemieckim i francuskim, jednak to perfekcji jeszcze daleko. Warto doda\u0107, \u017ce to nar\u00f3d, kt\u00f3ry kocha sport, nie tylko futbol.<\/p>\n<p><strong>Czego europejski pi\u0142karz mo\u017ce nauczy\u0107 si\u0119 od luksemburskiego?<\/strong><\/p>\n<p>&#8211; Realnego my\u015blenia na przysz\u0142o\u015b\u0107. Nie ka\u017cdy pi\u0142karz musi rano wstawa\u0107 do pracy i potem i\u015b\u0107 na trening, a umiej\u0119tno\u015bci nie s\u0105 wcale du\u017co wi\u0119ksze. \u017byczy\u0142bym sobie, aby profesjonali\u015bci nie narzekali, a robili to, co potrafi\u0105 najlepiej. Z\u0142apali worek ze szcz\u0119\u015bciem i musz\u0105 je piel\u0119gnowa\u0107.<\/p>\n<p><strong>Chris Philipps, kt\u00f3ry zim\u0105 trafi\u0142 do Legii, jest u was ceniony?<\/strong><\/p>\n<p>&#8211; Ka\u017cdy Luksemburczyk, b\u0119d\u0105cy zagranic\u0105, znajduje si\u0119 na \u015bwieczniku. Mimo wszystko, po jego transferze, nie by\u0142o jakiego\u015b wielkiego hurraoptymizmu. Oczywi\u015bcie, trafi\u0142 do Legii, lecz wcze\u015bniej wyst\u0119powa\u0142 w Ligue 1. Liga francuska jest znacznie mocniejsza od Ekstraklasy.<\/p>\n<p><strong>W kt\u00f3rym momencie czu\u0142e\u015b, \u017ce jeste\u015b w stanie zaj\u015b\u0107 wy\u017cej ni\u017c obecnie?<\/strong><\/p>\n<p>&#8211; Jasne. Jak awansowa\u0142em z Finishparkietem do starej drugiej ligi mia\u0142em wra\u017cenie, \u017ce to m\u00f3j czas. Zdawa\u0142em sobie spraw\u0119, i\u017c mog\u0119 osi\u0105gn\u0105\u0107 co\u015b wi\u0119cej, jednak losy potoczy\u0142y si\u0119 nieco inaczej. Koledzy, z kt\u00f3rymi dzieli\u0142em szatni\u0119 w Nowym Mie\u015bcie Lubawskim albo ju\u017c nie graj\u0105, albo zajmuj\u0105 si\u0119 czym\u015b innym. Niekt\u00f3rzy posmakowali z kolei wyst\u0119p\u00f3w w najwy\u017cszej klasie rozgrywkowej w Polsce \u2013 tak jak chocia\u017cby Szymon Sawala.<\/p>\n<p><strong>Kto jest dla ciebie wzorem do na\u015bladowania?<\/strong><\/p>\n<p>&#8211; Staram si\u0119 \u017cy\u0107 tak jak serce i rozum mi podpowiadaj\u0105. Nigdy nie mia\u0142em swojego wzoru czy autorytetu, w kt\u00f3ry wlepia\u0142em si\u0119 jak w obrazek. Jestem jednak pe\u0142en podziwu dla Roberta Lewandowskiego. Pomy\u015ble\u0107, \u017ce gra\u0142em przeciwko niemu jak wyst\u0119powa\u0142 w Zniczu\u2026<\/p>\n<p><strong>\u201eLewy\u201d rzeczywi\u015bcie wyr\u00f3\u017cnia\u0142 si\u0119 ju\u017c wtedy na tle innych zawodnik\u00f3w?<\/strong><\/p>\n<p>&#8211; Tak. By\u0142 szczup\u0142y, ale zarazem wysoki i szybki. Nie\u017ale radzi\u0142 sobie w powietrzu maj\u0105c zaledwie siedemna\u015bcie lat. Mia\u0142 papiery na gr\u0119 niemal\u017ce od samego pocz\u0105tku. Wiedzia\u0142em, \u017ce Robert zaistnieje w \u015bwiecie futbolu, ale nie przypuszcza\u0142em, \u017ce zrobi tak\u0105 karier\u0119. Czapki z g\u0142\u00f3w.<\/p>\n<p><strong>W drugich czy trzecich ligach polskich siedzi kilku takich Lewandowskich?<\/strong><\/p>\n<p>&#8211; Trudne pytanie. Ma\u0142o kto mo\u017ce na nie jednoznacznie odpowiedzie\u0107. Trzeba mie\u0107 bardzo silny charakter &#8211; umiej\u0119tno\u015bci to nie wszystko. Mog\u0119 to potwierdzi\u0107 po kilkunastu latach gry i nabierania do\u015bwiadczenia. Liczy si\u0119 zasuwanie na treningach oraz w ka\u017cdych meczach, \u017ceby p\u00f3\u017aniej zbiera\u0107 owoce. Wydaje mi si\u0119, \u017ce polskie podw\u00f3rku mo\u017ce niebawem odkry\u0107 kilku Lewandowskich.<\/p>\n<p><strong>Obracasz si\u0119 w kr\u0119gu pi\u0142karzy, kt\u00f3rzy maj\u0105 rozmaite rytua\u0142y przedmeczowe?<\/strong><\/p>\n<p>&#8211; Jedni wykonuj\u0105 znak krzy\u017ca przed wbiegni\u0119ciem na muraw\u0119, drudzy wchodz\u0105 jedn\u0105 nog\u0105 na boisko. Ja z kolei mam w garderobie szcz\u0119\u015bliwe majtki, kt\u00f3re zawsze zak\u0142adam (\u015bmiech).<\/p>\n<p><strong>Rozwi\u0144 ten temat. <\/strong><\/p>\n<p>&#8211; Nosz\u0119 je do momentu a\u017c si\u0119 nie przedziurawi\u0105. Je\u017celi wyrzuc\u0119 jedn\u0105 par\u0119, zak\u0142adam kolejn\u0105 i r\u00f3wnie\u017c s\u0105 dla mnie talizmanem. Czasami bywa tak, \u017ce gram w jednych majtkach ca\u0142y sezon. Oczywi\u015bcie normalnie je pior\u0119 (\u015bmiech).<\/p>\n<p><strong>Co spowodowa\u0142o, \u017ce po paru sezonach w Etzelli, trafi\u0142e\u015b do Orania Vianden, a p\u00f3\u017aniej do Erpeldange?<\/strong><\/p>\n<p>&#8211; P\u00f3\u0142 roku przed ko\u0144cem kontraktu zerwa\u0142em wi\u0119zad\u0142a krzy\u017cowe przednie w kolanie\u2026 Pauzowa\u0142em sze\u015b\u0107 miesi\u0119cy, by\u0142em bez formy, dlatego wyl\u0105dowa\u0142em w trzeciej lidze. Nast\u0119pnie, po sezonie, w kt\u00f3rym troch\u0119 si\u0119 odbudowa\u0142em, z powrotem zameldowa\u0142em si\u0119 w drugiej lidze. Tutaj zako\u0144cz\u0119 jednak swoj\u0105 przygod\u0119 z pi\u0142k\u0105. Kiedy? Za rok lub za dwa. Czas poka\u017ce.<\/p>\n<p><strong>Jaka by\u0142a pierwsza my\u015bl, gdy zerwa\u0142e\u015b wi\u0119zad\u0142a?<\/strong><\/p>\n<p>&#8211; Czu\u0142em, \u017ce to mo\u017ce by\u0107 koniec. Ba\u0142em si\u0119 operacji, a potem ci\u0119\u017ckiej rehabilitacji. Gdy czeka\u0142em na zabieg w swoim mieszkaniu, przewr\u00f3ci\u0142em si\u0119 i z\u0142ama\u0142em r\u0119k\u0119 w nadgarstku. Operacja kolana, si\u0142\u0105 rzeczy, zosta\u0142a przesuni\u0119ta o sze\u015b\u0107 tygodni. Najpierw musia\u0142em wyleczy\u0107 uraz, kt\u00f3ry wydarzy\u0142 si\u0119 p\u00f3\u017aniej. \u00a0\u017byciowy pech.<\/p>\n<p><strong>Czu\u0142e\u015b, \u017ce jeste\u015b \u201ezajechany\u201d fizycznie?<\/strong><\/p>\n<p>&#8211; Bardziej psychicznie. W aspekcie fizyczno\u015bci brakowa\u0142o mi szybko\u015bci, wa\u017cy\u0142em tak\u017ce troch\u0119 wi\u0119cej.<\/p>\n<p><strong>Jak to si\u0119 sta\u0142o, \u017ce dosz\u0142o do zerwania?<\/strong><\/p>\n<p>&#8211; Pech przytrafi\u0142 si\u0119 podczas zimowych przygotowa\u0144 do sezonu. Odbywali\u015bmy trening na nieco troch\u0119 zmro\u017conym. Ma\u0142a gierka, bieg\u0142em szybko i przy hamowaniu oraz zmianie kierunku biegu kolano si\u0119 przekr\u0119ci\u0142o, wyskoczy\u0142o na zewn\u0105trz. Czu\u0142em ogromny b\u00f3l, kt\u00f3ry trwa\u0142 dwa sekundy. Po chwili, kolano wskoczy\u0142o z powrotem na swoje miejsce. Uda\u0142em si\u0119 normalnie do szatni, \u00a0p\u00f3\u017aniej pod prysznic i nic mnie nie bola\u0142o. Nast\u0119pnego dnia, by\u0142o jednak bardzo spuchni\u0119te i przy chodzeniu doskwiera\u0142 mi b\u00f3l. Przeszed\u0142em badania i postawiono mi nieprzyjemn\u0105 diagnoz\u0119.<\/p>\n<p><strong>Masz czasami tak, \u017ce boisz si\u0119 teraz stykowych sytuacji, \u017ceby nie dopu\u015bci\u0107 do takiego urazu ponownie?<\/strong><\/p>\n<p>&#8211; Nie. Zero strachu. Minusem jest fakt, i\u017c nie by\u0142em wstanie wr\u00f3ci\u0107 ju\u017c do formy sprzed urazu. Ucierpia\u0142a na tym szybko\u015b\u0107 i zwrotno\u015b\u0107.<\/p>\n<p><strong>M\u00f3wisz, \u017ce za rok czy dwa lata chcesz ko\u0144czy\u0107 karier\u0119. Chcesz jeszcze sobie co\u015b udowodni\u0107?<\/strong><\/p>\n<p>&#8211; Absolutnie nie. Pragn\u0119 znale\u017a\u0107 si\u0119 w optymalnej dyspozycji, regularnie spotyka\u0107 si\u0119 z kolegami z dru\u017cyny. Ciesz\u0119 si\u0119 z tego, co uda\u0142o mi si\u0119 osi\u0105gn\u0105\u0107 do tej pory.<\/p>\n<p><strong>Plany na przysz\u0142o\u015b\u0107, po zawieszeniu but\u00f3w na ko\u0142ku, si\u0119 ju\u017c kreuj\u0105?<\/strong><\/p>\n<p>&#8211; Chcia\u0142bym zosta\u0107 przy sporcie. Mam syna, kt\u00f3ry r\u00f3wnie\u017c gra w pi\u0142k\u0119, mocno mu kibicuj\u0119 i wspieram go na ka\u017cdym mo\u017cliwym kroku. Potem przyjd\u0105 pewnie jakie\u015b mecze weteran\u00f3w\u2026 Zobaczymy, na razie skupiam si\u0119 na tera\u017aniejszo\u015bci.<\/p>\n<p>&nbsp;<\/p>\n<p><strong>Bart\u0142omiej Pietrasik<\/strong> (ur. 25.05.1984 roku, 34 lata). Wychowanek \u0141KS-u i Or\u0142a \u0141\u00f3d\u017a. Wyst\u0119powa\u0142 potem w Jezioraku I\u0142awa, z kt\u00f3rego trafi\u0142 do Drw\u0119cy Nowe Miasto Lubawskie. Tam zaliczy\u0142 wyst\u0119py w drugiej lidze. Wr\u00f3ci\u0142 do Jezioraka, a w 2009 roku zdecydowa\u0142 si\u0119 na Luksemburg, gdzie przez siedem sezon\u00f3w gra\u0142 dla Etzelli Ettlebruck. Teraz wyst\u0119puje w FC Erpeldange.<\/p>\n","protected":false},"excerpt":{"rendered":"<p>Jak to si\u0119 sta\u0142o, \u017ce wyst\u0119puje za granic\u0105? Czym g\u00f3rowa\u0142 nad reszt\u0105 koleg\u00f3w? Jaki element garderoby jest dla niego szcz\u0119\u015bliwy?<\/p>\n","protected":false},"author":4,"featured_media":556,"comment_status":"open","ping_status":"open","sticky":false,"template":"","format":"standard","meta":{"_exactmetrics_skip_tracking":false,"_exactmetrics_sitenote_active":false,"_exactmetrics_sitenote_note":"","_exactmetrics_sitenote_category":0,"footnotes":""},"categories":[32,27,25,30],"tags":[],"class_list":["post-477","post","type-post","status-publish","format-standard","has-post-thumbnail","hentry","category-newsy","category-pilka-nozna","category-polecane","category-wywiady"],"_links":{"self":[{"href":"http:\/\/czasnasport.net\/index.php?rest_route=\/wp\/v2\/posts\/477","targetHints":{"allow":["GET"]}}],"collection":[{"href":"http:\/\/czasnasport.net\/index.php?rest_route=\/wp\/v2\/posts"}],"about":[{"href":"http:\/\/czasnasport.net\/index.php?rest_route=\/wp\/v2\/types\/post"}],"author":[{"embeddable":true,"href":"http:\/\/czasnasport.net\/index.php?rest_route=\/wp\/v2\/users\/4"}],"replies":[{"embeddable":true,"href":"http:\/\/czasnasport.net\/index.php?rest_route=%2Fwp%2Fv2%2Fcomments&post=477"}],"version-history":[{"count":7,"href":"http:\/\/czasnasport.net\/index.php?rest_route=\/wp\/v2\/posts\/477\/revisions"}],"predecessor-version":[{"id":570,"href":"http:\/\/czasnasport.net\/index.php?rest_route=\/wp\/v2\/posts\/477\/revisions\/570"}],"wp:featuredmedia":[{"embeddable":true,"href":"http:\/\/czasnasport.net\/index.php?rest_route=\/wp\/v2\/media\/556"}],"wp:attachment":[{"href":"http:\/\/czasnasport.net\/index.php?rest_route=%2Fwp%2Fv2%2Fmedia&parent=477"}],"wp:term":[{"taxonomy":"category","embeddable":true,"href":"http:\/\/czasnasport.net\/index.php?rest_route=%2Fwp%2Fv2%2Fcategories&post=477"},{"taxonomy":"post_tag","embeddable":true,"href":"http:\/\/czasnasport.net\/index.php?rest_route=%2Fwp%2Fv2%2Ftags&post=477"}],"curies":[{"name":"wp","href":"https:\/\/api.w.org\/{rel}","templated":true}]}}