{"id":443,"date":"2018-05-26T18:42:59","date_gmt":"2018-05-26T16:42:59","guid":{"rendered":"http:\/\/czasnasport.net\/?p=443"},"modified":"2018-05-26T19:33:29","modified_gmt":"2018-05-26T17:33:29","slug":"polscy-skoczkowie-wrocili-do-treningow","status":"publish","type":"post","link":"http:\/\/czasnasport.net\/?p=443","title":{"rendered":"Polscy skoczkowie wr\u00f3cili do trening\u00f3w"},"content":{"rendered":"<p><strong>Jak informuje portal Sport.pl, polscy skoczkowie wr\u00f3cili na skocznie po prawie dw\u00f3ch miesi\u0105cach trening\u00f3w nad si\u0142\u0105 oraz wytrzyma\u0142o\u015bci\u0105. Trener kadry, Stefan Horngacher zapowiada, \u017ce sztab przygotowa\u0142 wiele nowinek, kt\u00f3re maj\u0105 pozwoli\u0107 skoczkom w osi\u0105gni\u0119ciu jeszcze lepszej dyspozycji.<\/strong><\/p>\n<p>Tradycyjnie Horngacher\u00a0zaordynowa\u0142\u00a0zawodnikom treningi na obiektach znacznie mniejszych od tych, na kt\u00f3rych rywalizuje si\u0119 w Pucharze \u015awiata. Skoczkowie mieli mo\u017cliwo\u015b\u0107\u00a0trenowania\u00a0na obiektach od HS 44 do HS 106. Od pocz\u0105tku pracy w reprezentacji Austriak stosuje schemat polegaj\u0105cy na tym, \u017ce przez jeden tydzie\u0144 przygotowa\u0144 zawodnicy przebywaj\u0105 na wsp\u00f3lnym zgrupowaniu, natomiast w kolejnym tygodniu wykonuj\u0105 \u0107wiczenia wed\u0142ug rozpiski, ale ju\u017c w miejscu swojego zamieszkania.<\/p>\n<p>Pierwsze letnie zawody zaplanowano w Wi\u015ble w dniach 20-21 lipca.<\/p>\n","protected":false},"excerpt":{"rendered":"<p>Jak informuje portal Sport.pl, polscy skoczkowie wr\u00f3cili na skocznie po prawie dw\u00f3ch miesi\u0105cach trening\u00f3w nad si\u0142\u0105 oraz wytrzyma\u0142o\u015bci\u0105. Trener kadry,<\/p>\n","protected":false},"author":4,"featured_media":445,"comment_status":"open","ping_status":"open","sticky":false,"template":"","format":"standard","meta":{"_exactmetrics_skip_tracking":false,"_exactmetrics_sitenote_active":false,"_exactmetrics_sitenote_note":"","_exactmetrics_sitenote_category":0,"footnotes":""},"categories":[32,29],"tags":[],"class_list":["post-443","post","type-post","status-publish","format-standard","has-post-thumbnail","hentry","category-newsy","category-sporty-zimowe"],"_links":{"self":[{"href":"http:\/\/czasnasport.net\/index.php?rest_route=\/wp\/v2\/posts\/443","targetHints":{"allow":["GET"]}}],"collection":[{"href":"http:\/\/czasnasport.net\/index.php?rest_route=\/wp\/v2\/posts"}],"about":[{"href":"http:\/\/czasnasport.net\/index.php?rest_route=\/wp\/v2\/types\/post"}],"author":[{"embeddable":true,"href":"http:\/\/czasnasport.net\/index.php?rest_route=\/wp\/v2\/users\/4"}],"replies":[{"embeddable":true,"href":"http:\/\/czasnasport.net\/index.php?rest_route=%2Fwp%2Fv2%2Fcomments&post=443"}],"version-history":[{"count":1,"href":"http:\/\/czasnasport.net\/index.php?rest_route=\/wp\/v2\/posts\/443\/revisions"}],"predecessor-version":[{"id":444,"href":"http:\/\/czasnasport.net\/index.php?rest_route=\/wp\/v2\/posts\/443\/revisions\/444"}],"wp:featuredmedia":[{"embeddable":true,"href":"http:\/\/czasnasport.net\/index.php?rest_route=\/wp\/v2\/media\/445"}],"wp:attachment":[{"href":"http:\/\/czasnasport.net\/index.php?rest_route=%2Fwp%2Fv2%2Fmedia&parent=443"}],"wp:term":[{"taxonomy":"category","embeddable":true,"href":"http:\/\/czasnasport.net\/index.php?rest_route=%2Fwp%2Fv2%2Fcategories&post=443"},{"taxonomy":"post_tag","embeddable":true,"href":"http:\/\/czasnasport.net\/index.php?rest_route=%2Fwp%2Fv2%2Ftags&post=443"}],"curies":[{"name":"wp","href":"https:\/\/api.w.org\/{rel}","templated":true}]}}