{"id":1040,"date":"2022-04-01T23:11:12","date_gmt":"2022-04-01T21:11:12","guid":{"rendered":"http:\/\/czasnasport.net\/?p=1040"},"modified":"2022-04-01T23:12:14","modified_gmt":"2022-04-01T21:12:14","slug":"piatek-z-plus-liga-stal-nysa-gora-w-stolicy","status":"publish","type":"post","link":"http:\/\/czasnasport.net\/?p=1040","title":{"rendered":"Pi\u0105tek z Plus Lig\u0105: Stal Nysa g\u00f3r\u0105 w stolicy"},"content":{"rendered":"\n<p>W drugim meczu ostatniej kolejki fazy zasadniczej Plus Ligi, Stal Nysa pokona\u0142a Projekt Warszaw\u0119 3:2. Mecz od samego pocz\u0105tku toczy\u0142 si\u0119 pod dyktando go\u015bci, kt\u00f3rzy z bilansem 6 zwyci\u0119stw i 20 pora\u017cek zako\u0144czyli udzia\u0142 w tegorocznych rozgrywkach. Dla sto\u0142ecznych by\u0142a to natomiast pi\u0105ta pora\u017cka z rz\u0119du i z 36 punktami zajmuj\u0105 obecnie 8, ostatnie miejsce gwarantuj\u0105ce mo\u017cliwo\u015b\u0107 gry w fazie play-off o miejsca 1-8. Zagrozi\u0107 mo\u017ce im jeszcze Trefl Gda\u0144sk, kt\u00f3ry na t\u0119 chwil\u0119 traci do Projektu pi\u0119\u0107 punkt\u00f3w, maj\u0105c r\u00f3wnocze\u015bnie rozegrane o trzy mecze mniej.<\/p>\n\n\n\n<p><strong>Projekt Warszawa &#8211; Stal Nysa 2:3 <\/strong><em><mark style=\"background-color:rgba(0, 0, 0, 0)\" class=\"has-inline-color has-cyan-bluish-gray-color\">(20:25, 20:25, 25:23, 25:20, 13:15)<\/mark><\/em><\/p>\n\n\n\n<p>Projekt: Petkovi\u0107, Szalpuk, Nowakowski, Kwolek, Trinidad de Haro, Wrona (K) oraz Wojtaszek, Grobelny, Jaglarski<\/p>\n\n\n\n<p>Stal: El Graoui, Komenda, Ben Tara, Kwasowski, Zajder, M&#8217;Baye oraz Dembiec, D\u0119bski, Schamlewski, Bu\u0107ko, Szwaradzki<\/p>\n\n\n\n<p><strong>MVP: Marcin Komenda (Stal Nysa)<\/strong><\/p>\n\n\n\n<h2 class=\"wp-block-heading\"><\/h2>\n\n\n\n<p>W innym dzisiejszym meczu, \u015alepsk Suwa\u0142ki przegra\u0142 u siebie z GKS Katowice 2:3 <em><mark style=\"background-color:rgba(0, 0, 0, 0)\" class=\"has-inline-color has-cyan-bluish-gray-color\">(21:25, 27:25, 18:25, 25:21, 17:19) <\/mark><\/em><\/p>\n","protected":false},"excerpt":{"rendered":"<p>W drugim meczu ostatniej kolejki fazy zasadniczej Plus Ligi, Stal Nysa pokona\u0142a Projekt Warszaw\u0119 3:2. Mecz od samego pocz\u0105tku toczy\u0142<\/p>\n","protected":false},"author":9,"featured_media":1041,"comment_status":"open","ping_status":"open","sticky":false,"template":"","format":"standard","meta":{"_exactmetrics_skip_tracking":false,"_exactmetrics_sitenote_active":false,"_exactmetrics_sitenote_note":"","_exactmetrics_sitenote_category":0,"footnotes":""},"categories":[32,25,31],"tags":[144,145,143,82],"class_list":["post-1040","post","type-post","status-publish","format-standard","has-post-thumbnail","hentry","category-newsy","category-polecane","category-siatkowka","tag-plusliga","tag-projekt","tag-siatkowka","tag-stal"],"_links":{"self":[{"href":"http:\/\/czasnasport.net\/index.php?rest_route=\/wp\/v2\/posts\/1040","targetHints":{"allow":["GET"]}}],"collection":[{"href":"http:\/\/czasnasport.net\/index.php?rest_route=\/wp\/v2\/posts"}],"about":[{"href":"http:\/\/czasnasport.net\/index.php?rest_route=\/wp\/v2\/types\/post"}],"author":[{"embeddable":true,"href":"http:\/\/czasnasport.net\/index.php?rest_route=\/wp\/v2\/users\/9"}],"replies":[{"embeddable":true,"href":"http:\/\/czasnasport.net\/index.php?rest_route=%2Fwp%2Fv2%2Fcomments&post=1040"}],"version-history":[{"count":19,"href":"http:\/\/czasnasport.net\/index.php?rest_route=\/wp\/v2\/posts\/1040\/revisions"}],"predecessor-version":[{"id":1065,"href":"http:\/\/czasnasport.net\/index.php?rest_route=\/wp\/v2\/posts\/1040\/revisions\/1065"}],"wp:featuredmedia":[{"embeddable":true,"href":"http:\/\/czasnasport.net\/index.php?rest_route=\/wp\/v2\/media\/1041"}],"wp:attachment":[{"href":"http:\/\/czasnasport.net\/index.php?rest_route=%2Fwp%2Fv2%2Fmedia&parent=1040"}],"wp:term":[{"taxonomy":"category","embeddable":true,"href":"http:\/\/czasnasport.net\/index.php?rest_route=%2Fwp%2Fv2%2Fcategories&post=1040"},{"taxonomy":"post_tag","embeddable":true,"href":"http:\/\/czasnasport.net\/index.php?rest_route=%2Fwp%2Fv2%2Ftags&post=1040"}],"curies":[{"name":"wp","href":"https:\/\/api.w.org\/{rel}","templated":true}]}}