{"id":1012,"date":"2018-08-29T13:55:33","date_gmt":"2018-08-29T11:55:33","guid":{"rendered":"http:\/\/czasnasport.net\/?p=1012"},"modified":"2018-08-29T13:55:33","modified_gmt":"2018-08-29T11:55:33","slug":"ronaldo-nie-zagra-w-lidze-narodow-chce-zgrac-sie-z-nowym-zespolem","status":"publish","type":"post","link":"http:\/\/czasnasport.net\/?p=1012","title":{"rendered":"Ronaldo nie zagra w Lidze Narod\u00f3w. Chce zgra\u0107 si\u0119 z nowym zespo\u0142em"},"content":{"rendered":"<p><strong>Cristiano Ronaldo zdecydowa\u0142, \u017ce nie wybierze si\u0119 na wrze\u015bniowe zgrupowanie kadry. Pow\u00f3d? By\u0142y gracz Realu Madryt chce doj\u015b\u0107 do optymalnej formy i szlifowa\u0107 form\u0119 w Turynie. Zale\u017cy mu tak\u017ce na lepszym zgraniu z kolegami z Juventusu. <\/strong><\/p>\n<p>Ronaldo rozegra\u0107 ju\u017c dwa ligowe spotkania w barwach \u201eStarej Damy\u201d. Co prawda nie zdo\u0142a\u0142 jeszcze trafi\u0107 do siatki, lecz zd\u0105\u017cy\u0142 wprowadzi\u0107 now\u0105 jako\u015b\u0107. Portugalczyk chce jednak jeszcze bardziej z\u017cy\u0107 si\u0119 z nowym zespo\u0142em, st\u0105d postanowi\u0142 opu\u015bci\u0107 dwa towarzyskie spotkania kadry \u2013 z Chorwacj\u0105 o W\u0142ochami w Lidze Narod\u00f3w.<\/p>\n<p>\u0179r\u00f3d\u0142o: Sport.pl<\/p>\n<p>fot. Marcin Szymczyk\/Legia.Net<\/p>\n","protected":false},"excerpt":{"rendered":"<p>Cristiano Ronaldo zdecydowa\u0142, \u017ce nie wybierze si\u0119 na wrze\u015bniowe zgrupowanie kadry. Pow\u00f3d? By\u0142y gracz Realu Madryt chce doj\u015b\u0107 do optymalnej<\/p>\n","protected":false},"author":4,"featured_media":834,"comment_status":"open","ping_status":"open","sticky":false,"template":"","format":"standard","meta":{"_exactmetrics_skip_tracking":false,"_exactmetrics_sitenote_active":false,"_exactmetrics_sitenote_note":"","_exactmetrics_sitenote_category":0,"footnotes":""},"categories":[1,32,27,25],"tags":[138,123],"class_list":["post-1012","post","type-post","status-publish","format-standard","has-post-thumbnail","hentry","category-bez-kategorii","category-newsy","category-pilka-nozna","category-polecane","tag-cristiano","tag-ronaldo"],"_links":{"self":[{"href":"http:\/\/czasnasport.net\/index.php?rest_route=\/wp\/v2\/posts\/1012","targetHints":{"allow":["GET"]}}],"collection":[{"href":"http:\/\/czasnasport.net\/index.php?rest_route=\/wp\/v2\/posts"}],"about":[{"href":"http:\/\/czasnasport.net\/index.php?rest_route=\/wp\/v2\/types\/post"}],"author":[{"embeddable":true,"href":"http:\/\/czasnasport.net\/index.php?rest_route=\/wp\/v2\/users\/4"}],"replies":[{"embeddable":true,"href":"http:\/\/czasnasport.net\/index.php?rest_route=%2Fwp%2Fv2%2Fcomments&post=1012"}],"version-history":[{"count":2,"href":"http:\/\/czasnasport.net\/index.php?rest_route=\/wp\/v2\/posts\/1012\/revisions"}],"predecessor-version":[{"id":1014,"href":"http:\/\/czasnasport.net\/index.php?rest_route=\/wp\/v2\/posts\/1012\/revisions\/1014"}],"wp:featuredmedia":[{"embeddable":true,"href":"http:\/\/czasnasport.net\/index.php?rest_route=\/wp\/v2\/media\/834"}],"wp:attachment":[{"href":"http:\/\/czasnasport.net\/index.php?rest_route=%2Fwp%2Fv2%2Fmedia&parent=1012"}],"wp:term":[{"taxonomy":"category","embeddable":true,"href":"http:\/\/czasnasport.net\/index.php?rest_route=%2Fwp%2Fv2%2Fcategories&post=1012"},{"taxonomy":"post_tag","embeddable":true,"href":"http:\/\/czasnasport.net\/index.php?rest_route=%2Fwp%2Fv2%2Ftags&post=1012"}],"curies":[{"name":"wp","href":"https:\/\/api.w.org\/{rel}","templated":true}]}}